{"id":9147,"date":"2016-11-21T18:05:02","date_gmt":"2016-11-21T23:05:02","guid":{"rendered":"http:\/\/www.biblia.work\/noticias\/como-combatir-la-ideologia-de-genero-y-el-aborto-abrir-los-ojos-a-la-gente-proponen\/"},"modified":"2016-11-21T18:05:02","modified_gmt":"2016-11-21T23:05:02","slug":"como-combatir-la-ideologia-de-genero-y-el-aborto-abrir-los-ojos-a-la-gente-proponen","status":"publish","type":"post","link":"https:\/\/www.biblia.work\/noticias\/como-combatir-la-ideologia-de-genero-y-el-aborto-abrir-los-ojos-a-la-gente-proponen\/","title":{"rendered":"\u00bfC\u00f3mo combatir la ideolog\u00eda de g\u00e9nero y el aborto? \u201cAbrir los ojos a la gente\u201d, proponen"},"content":{"rendered":"<p> REDACCI\u00d3N CENTRAL, 21 Nov. 16 (ACI).-<br \/>\n\tEl Dr. Fernando Carbone, ex ministro de Salud de Per&uacute;, asegur&oacute; que es clave en la lucha contra la ideolog&iacute;a de g&eacute;nero y la promoci&oacute;n del aborto &ldquo;abrir los ojos a la gente&rdquo;.<\/p>\n<p style=\"text-align: justify\">\n\tEntrevistado por ACI Prensa durante el encuentro cat&oacute;lico &ldquo;Hechos&rdquo;, en Lima (Per&uacute;), el Dr. Carbone destac&oacute; la importancia de &ldquo;informar a la poblaci&oacute;n de verdades que est&aacute;n siendo ocultadas de manera muy astuta y muy inteligente&rdquo;.<\/p>\n<p style=\"text-align: justify\">\n\tEntre estas cosas, destac&oacute; el tema del &ldquo;inicio de la vida, que se ha confirmado desde toda la ciencia m&eacute;dica, sobre todo de las investigaciones del genoma humano, que la vida humana empieza en el momento de la concepci&oacute;n, fecundaci&oacute;n o fertilizaci&oacute;n y la gente tiene que enterarse de eso&rdquo;.<\/p>\n<p style=\"text-align: justify\">\n\t&ldquo;La vida humana, y por lo tanto el derecho de la persona como ciudadana y ciudadano de este pa&iacute;s, mujer y var&oacute;n, empieza en ese momento&rdquo;.<\/p>\n<p style=\"text-align: justify\">\n\tEl experto precis&oacute; que el derecho a la vida &ldquo;es un derecho fundamental&rdquo;, y se&ntilde;al&oacute; que &ldquo;el resto de los derechos humanos, sociales, laborales, sanitarios, pol&iacute;ticos, econ&oacute;micos, etc., dependen del primer derecho&rdquo;.<\/p>\n<p style=\"text-align: justify\">\n\t&ldquo;Si t&uacute; vulneras el derecho a la vida, el resto de los derechos pierden posibilidad y vigencia, est&aacute;s quit&aacute;ndole la base a la casa&rdquo;, advirti&oacute;.<\/p>\n<p style=\"text-align: justify\">\n\tEl exministro se&ntilde;al&oacute; que la defensa de la vida est&aacute; &iacute;ntimamente ligada con la defensa de la familia, pues &ldquo;la familia est&aacute; cada vez m&aacute;s agredida, m&aacute;s desestructurada, y estamos viendo cada vez hechos de corrupci&oacute;n m&aacute;s grandes que obedecen a esta destrucci&oacute;n de la familia&rdquo;.<\/p>\n<p style=\"text-align: justify\">\n\t&ldquo;Hay que difundir ante la gente las verdades biol&oacute;gicas, sociales, judiciales. Ac&aacute; no estamos hablando de algo confesional. Estamos hablando de la verdad en todo su esplendor para aquellos que quieran verla&rdquo;.<\/p>\n<p style=\"text-align: justify\">\n\tEl Dr. Carbone indic&oacute; que &ldquo;el sexo es car&aacute;cter biol&oacute;gico y despu&eacute;s se adhiere un car&aacute;cter conductual, que si quieren lo podemos llamar g&eacute;nero, de var&oacute;n y mujer, no hay m&aacute;s. Otra cosa es completamente equivocada, est&aacute; realmente incurriendo en una falacia&rdquo;.<\/p>\n<p style=\"text-align: justify\">\n\tLo que promueve la ideolog&iacute;a de g&eacute;nero, precis&oacute;, es &ldquo;algo que no existe, que no hay ni desde el punto de vista biol&oacute;gico, que no existe desde el punto de vista constitucional, que no tiene nada que ver con la igualdad de oportunidades, la equidad, la justicia, el luchar por evitar la violencia sobre la mujer, sobre la familia&rdquo;.<\/p>\n<p style=\"text-align: justify\">\n\tPara el experto, se puede informar a las personas en &ldquo;varios espacios&rdquo;.<\/p>\n<p style=\"text-align: justify\">\n\t&ldquo;Cuando se trata de una conversaci&oacute;n a profundidad yo siempre sugiero una conversaci&oacute;n de a dos. Dos, enti&eacute;ndase una pareja con la otra, de esposos con otros esposos, de un joven con otro joven, porque la discusi&oacute;n larga si es en masa se pierde&rdquo;, se&ntilde;al&oacute;.<\/p>\n<p style=\"text-align: justify\">\n\tTambi&eacute;n puede haber, dijo, &ldquo;espacios colectivos. Algunos, que pueden estar vinculados al trabajo que uno hace&rdquo;.<\/p>\n<p style=\"text-align: justify\">\n\t&ldquo;Hay tambi&eacute;n espacio de formaci&oacute;n de j&oacute;venes, de novios, de esposos, de comunidades eclesiales, donde se debe tratar el tema, de manera muy concreta, muy directa y muy abierta&rdquo;, se&ntilde;al&oacute;, y dijo que tambi&eacute;n se debe recurrir a &ldquo;espacios m&aacute;s acad&eacute;micos&rdquo;, con criterios cient&iacute;ficos.<\/p>\n<p style=\"text-align: justify\">\n\t&ldquo;Hoy d&iacute;a voy a hablar de ciencia. Yo no voy a hablar desde el punto de vista pastoral eclesial. Eso me alimenta a m&iacute; como persona. Pero hoy d&iacute;a voy a hablar de lo que dice la biolog&iacute;a, la gen&eacute;tica, la medicina, la psicolog&iacute;a, la fisiolog&iacute;a, la embriolog&iacute;a, todas las &iacute;as de la ciencia&rdquo;.<\/p>\n<p style=\"text-align: justify\">\n\tEl m&eacute;dico peruano se&ntilde;al&oacute; que &ldquo;el problema que tienen nuestros contrarios&rdquo;, quienes promueven el aborto y la ideolog&iacute;a de g&eacute;nero, es que &ldquo;cuando empezamos a hablar a partir de la ciencia pierden piso&rdquo;.<\/p>\n<p style=\"text-align: justify\">\n\t&ldquo;No se dejen enga&ntilde;ar, busquen informaci&oacute;n, busquen la verdad&rdquo;, alent&oacute;.<\/p>\n<p style=\"text-align: justify\">\n\tTambi&eacute;n te puede interesar:<\/p>\n<p style=\"text-align: justify\">\n\t\t&iquest;C&oacute;mo pueden responder los educadores cat&oacute;licos a la ideolog&iacute;a de g&eacute;nero? https:\/\/t.co\/ZMLVG1Zab3<\/p>\n<p>\t&mdash; ACI Prensa (@aciprensa) 11 de octubre de 2016<\/p>\n","protected":false},"excerpt":{"rendered":"<p>REDACCI\u00d3N CENTRAL, 21 Nov. 16 (ACI).- El Dr. Fernando Carbone, ex ministro de Salud de Per&uacute;, asegur&oacute; que es clave en la lucha contra la ideolog&iacute;a de g&eacute;nero y la promoci&oacute;n del aborto &ldquo;abrir los ojos a la gente&rdquo;. Entrevistado por ACI Prensa durante el encuentro cat&oacute;lico &ldquo;Hechos&rdquo;, en Lima (Per&uacute;), el Dr. Carbone destac&oacute; &hellip; <a href=\"https:\/\/www.biblia.work\/noticias\/como-combatir-la-ideologia-de-genero-y-el-aborto-abrir-los-ojos-a-la-gente-proponen\/\" class=\"more-link\">Continuar leyendo<span class=\"screen-reader-text\"> \u00ab\u00bfC\u00f3mo combatir la ideolog\u00eda de g\u00e9nero y el aborto? \u201cAbrir los ojos a la gente\u201d, proponen\u00bb<\/span><\/a><\/p>\n","protected":false},"author":1,"featured_media":0,"comment_status":"open","ping_status":"closed","sticky":false,"template":"","format":"standard","meta":{"footnotes":""},"categories":[1],"tags":[],"class_list":["post-9147","post","type-post","status-publish","format-standard","hentry","category-general"],"_links":{"self":[{"href":"https:\/\/www.biblia.work\/noticias\/wp-json\/wp\/v2\/posts\/9147","targetHints":{"allow":["GET"]}}],"collection":[{"href":"https:\/\/www.biblia.work\/noticias\/wp-json\/wp\/v2\/posts"}],"about":[{"href":"https:\/\/www.biblia.work\/noticias\/wp-json\/wp\/v2\/types\/post"}],"author":[{"embeddable":true,"href":"https:\/\/www.biblia.work\/noticias\/wp-json\/wp\/v2\/users\/1"}],"replies":[{"embeddable":true,"href":"https:\/\/www.biblia.work\/noticias\/wp-json\/wp\/v2\/comments?post=9147"}],"version-history":[{"count":0,"href":"https:\/\/www.biblia.work\/noticias\/wp-json\/wp\/v2\/posts\/9147\/revisions"}],"wp:attachment":[{"href":"https:\/\/www.biblia.work\/noticias\/wp-json\/wp\/v2\/media?parent=9147"}],"wp:term":[{"taxonomy":"category","embeddable":true,"href":"https:\/\/www.biblia.work\/noticias\/wp-json\/wp\/v2\/categories?post=9147"},{"taxonomy":"post_tag","embeddable":true,"href":"https:\/\/www.biblia.work\/noticias\/wp-json\/wp\/v2\/tags?post=9147"}],"curies":[{"name":"wp","href":"https:\/\/api.w.org\/{rel}","templated":true}]}}