{"id":9151,"date":"2016-11-22T05:15:02","date_gmt":"2016-11-22T10:15:02","guid":{"rendered":"http:\/\/www.biblia.work\/noticias\/maria-centro-de-la-reflexion-para-las-proximas-jmj\/"},"modified":"2016-11-22T05:15:02","modified_gmt":"2016-11-22T10:15:02","slug":"maria-centro-de-la-reflexion-para-las-proximas-jmj","status":"publish","type":"post","link":"https:\/\/www.biblia.work\/noticias\/maria-centro-de-la-reflexion-para-las-proximas-jmj\/","title":{"rendered":"Mar\u00eda, centro de la reflexi\u00f3n para las pr\u00f3ximas JMJ"},"content":{"rendered":"<p style=\"text-align: justify\"><span style=\"font-weight: 400\">(ZENIT &#8211; Ciudad del Vaticano).- La Virgen Mar\u00eda estar\u00e1 en el centro de la reflexi\u00f3n de las pr\u00f3ximas Jornadas Mundiales de la Juventud. As\u00ed, el Vaticano ha anunciado este martes los temas de las pro\u0301ximas JMJ. El a\u00f1o 2017 llevar\u00e1 por lema \u201cEl Todopoderoso ha hecho cosas grandes en mi\u0301\u201d, para el 2018 <\/span> <span style=\"font-weight: 400\">ser\u00e1 \u201cNo temas, Mari\u0301a, porque has hallado gracia delante de Dios\u201d. Finalmente, la JMJ en Panam\u00e1 en el a\u00f1o 2019 llevar\u00e1 como lema \u201cHe aqui\u0301 la sierva del Sen\u0303or; ha\u0301gase en mi\u0301 segu\u0301n tu palabra\u201d. \u00a0<\/span><\/p>\n<p style=\"text-align: justify\"><span style=\"font-weight: 400\">Los temas &#8211;indica el comunicado de prensa de la Santa Sede&#8211; han sido escogidos por el papa Francisco. Adem\u00e1s, se precisa que \u201cel camino espiritual indicado por el Santo Padre continu\u0301a coherentemente la reflexio\u0301n iniciada con las u\u0301ltimas tres Jornadas Mundiales de la Juventud (2014-2016), centradas en las Bienaventuranzas\u201d. Como sabemos, prosigue, \u201cMari\u0301a es la que todas las generaciones llamara\u0301n bienaventurada\u201d <\/span><\/p>\n<p style=\"text-align: justify\"><span style=\"font-weight: 400\">Por otro lado, se recuerda que el papa Francisco, en su discurso preparado para el encuentro con los voluntarios de la JMJ de Cracovia, \u201cilustraba las actitudes de la Madre de Jesu\u0301s, mostra\u0301ndola como modelo a imitar.\u201d Hablando despue\u0301s esponta\u0301neamente en aquella ocasio\u0301n, \u201cel Santo Padre invito\u0301 a los jo\u0301venes a tener memoria del pasado, tener valenti\u0301a en el presente y tener\/ser esperanza para el futuro\u201d. <\/span><\/p>\n<p style=\"text-align: justify\"><span style=\"font-weight: 400\">En esta misma l\u00ednea se explica que los tres temas anunciados tienden a dar \u201cal itinerario espiritual de las pro\u0301ximas JMJ una fuerte connotacio\u0301n mariana\u201d, subrayando al mismo tiempo \u201cla imagen de una juventud en camino entre el pasado (2017), el presente (2018) y el futuro (2019), animada por las tres virtudes teologales: fe, caridad y esperanza\u201d.<\/span><\/p>\n<p style=\"text-align: justify\"><span style=\"font-weight: 400\">Finalmente, el comunicado subraya que el camino propuesto a los jo\u0301venes muestra tambie\u0301n una \u201cevidente sintoni\u0301a\u201d con la reflexio\u0301n que el papa Francisco ha encomendado \u201cal pro\u0301ximo Si\u0301nodo de los Obispos: Los jo\u0301venes, la fe y el discernimiento vocacional\u201d. <\/span><\/p>\n<p><span class=\"et_bloom_bottom_trigger\"><\/span><\/p>\n<p><a href=\"https:\/\/es.zenit.org\/\" target=\"_blank\" rel=\"nofollow\">Fuente: es.zenit.org<\/a><\/p>\n","protected":false},"excerpt":{"rendered":"<p>(ZENIT &#8211; Ciudad del Vaticano).- La Virgen Mar\u00eda estar\u00e1 en el centro de la reflexi\u00f3n de las pr\u00f3ximas Jornadas Mundiales de la Juventud. As\u00ed, el Vaticano ha anunciado este martes los temas de las pro\u0301ximas JMJ. El a\u00f1o 2017 llevar\u00e1 por lema \u201cEl Todopoderoso ha hecho cosas grandes en mi\u0301\u201d, para el 2018 ser\u00e1 \u201cNo &hellip; <a href=\"https:\/\/www.biblia.work\/noticias\/maria-centro-de-la-reflexion-para-las-proximas-jmj\/\" class=\"more-link\">Continuar leyendo<span class=\"screen-reader-text\"> \u00abMar\u00eda, centro de la reflexi\u00f3n para las pr\u00f3ximas JMJ\u00bb<\/span><\/a><\/p>\n","protected":false},"author":1,"featured_media":0,"comment_status":"open","ping_status":"closed","sticky":false,"template":"","format":"standard","meta":{"footnotes":""},"categories":[1],"tags":[],"class_list":["post-9151","post","type-post","status-publish","format-standard","hentry","category-general"],"_links":{"self":[{"href":"https:\/\/www.biblia.work\/noticias\/wp-json\/wp\/v2\/posts\/9151","targetHints":{"allow":["GET"]}}],"collection":[{"href":"https:\/\/www.biblia.work\/noticias\/wp-json\/wp\/v2\/posts"}],"about":[{"href":"https:\/\/www.biblia.work\/noticias\/wp-json\/wp\/v2\/types\/post"}],"author":[{"embeddable":true,"href":"https:\/\/www.biblia.work\/noticias\/wp-json\/wp\/v2\/users\/1"}],"replies":[{"embeddable":true,"href":"https:\/\/www.biblia.work\/noticias\/wp-json\/wp\/v2\/comments?post=9151"}],"version-history":[{"count":0,"href":"https:\/\/www.biblia.work\/noticias\/wp-json\/wp\/v2\/posts\/9151\/revisions"}],"wp:attachment":[{"href":"https:\/\/www.biblia.work\/noticias\/wp-json\/wp\/v2\/media?parent=9151"}],"wp:term":[{"taxonomy":"category","embeddable":true,"href":"https:\/\/www.biblia.work\/noticias\/wp-json\/wp\/v2\/categories?post=9151"},{"taxonomy":"post_tag","embeddable":true,"href":"https:\/\/www.biblia.work\/noticias\/wp-json\/wp\/v2\/tags?post=9151"}],"curies":[{"name":"wp","href":"https:\/\/api.w.org\/{rel}","templated":true}]}}