{"id":9157,"date":"2016-11-22T07:15:02","date_gmt":"2016-11-22T12:15:02","guid":{"rendered":"http:\/\/www.biblia.work\/noticias\/stephen-hawking-en-el-vaticano-para-hablar-de-ciencia-y-sostenibilidad\/"},"modified":"2016-11-22T07:15:02","modified_gmt":"2016-11-22T12:15:02","slug":"stephen-hawking-en-el-vaticano-para-hablar-de-ciencia-y-sostenibilidad","status":"publish","type":"post","link":"https:\/\/www.biblia.work\/noticias\/stephen-hawking-en-el-vaticano-para-hablar-de-ciencia-y-sostenibilidad\/","title":{"rendered":"Stephen Hawking en el Vaticano para hablar de ciencia y sostenibilidad"},"content":{"rendered":"<p style=\"text-align: justify\">(ZENIT &#8211; Ciudad del Vaticano).-\u00a0<span style=\"font-weight: 400\">El conocido astrof\u00edsico brit\u00e1nico estar\u00e1 en el Vaticano para intervenir, en la sede de la Pontificia Academia de las Ciencias, en \u00a0la Asamblea Plenaria. El encuentro se celebra del 25 al 29 de noviembre y lleva por tema: \u201c<\/span><i><span style=\"font-weight: 400\">Science and Sustainability: Impacts of Scientific Knowledge and Technology on Human Society and its Environment<\/span><\/i><span style=\"font-weight: 400\">\u201d (Ciencia y sostenibilidad: impactos del conocimiento cient\u00edfico y de la tecnolog\u00eda sobre la sociedad humana y su ambiente). En el encuentro estar\u00e1 presente tambi\u00e9n el f\u00edsico Carlo Rubbia, vencedor del premio Nobel de f\u00edsica en 1984. <\/span><\/p>\n<p style=\"text-align: justify\"><span style=\"font-weight: 400\">El 28 de noviembre, todos los participantes de la plenaria ser\u00e1n recibidos en audiencia por el papa Francisco. <\/span><\/p>\n<p><span class=\"et_bloom_bottom_trigger\"><\/span><\/p>\n<p><a href=\"https:\/\/es.zenit.org\/\" target=\"_blank\" rel=\"nofollow\">Fuente: es.zenit.org<\/a><\/p>\n","protected":false},"excerpt":{"rendered":"<p>(ZENIT &#8211; Ciudad del Vaticano).-\u00a0El conocido astrof\u00edsico brit\u00e1nico estar\u00e1 en el Vaticano para intervenir, en la sede de la Pontificia Academia de las Ciencias, en \u00a0la Asamblea Plenaria. El encuentro se celebra del 25 al 29 de noviembre y lleva por tema: \u201cScience and Sustainability: Impacts of Scientific Knowledge and Technology on Human Society and &hellip; <a href=\"https:\/\/www.biblia.work\/noticias\/stephen-hawking-en-el-vaticano-para-hablar-de-ciencia-y-sostenibilidad\/\" class=\"more-link\">Continuar leyendo<span class=\"screen-reader-text\"> \u00abStephen Hawking en el Vaticano para hablar de ciencia y sostenibilidad\u00bb<\/span><\/a><\/p>\n","protected":false},"author":1,"featured_media":0,"comment_status":"open","ping_status":"closed","sticky":false,"template":"","format":"standard","meta":{"footnotes":""},"categories":[1],"tags":[],"class_list":["post-9157","post","type-post","status-publish","format-standard","hentry","category-general"],"_links":{"self":[{"href":"https:\/\/www.biblia.work\/noticias\/wp-json\/wp\/v2\/posts\/9157","targetHints":{"allow":["GET"]}}],"collection":[{"href":"https:\/\/www.biblia.work\/noticias\/wp-json\/wp\/v2\/posts"}],"about":[{"href":"https:\/\/www.biblia.work\/noticias\/wp-json\/wp\/v2\/types\/post"}],"author":[{"embeddable":true,"href":"https:\/\/www.biblia.work\/noticias\/wp-json\/wp\/v2\/users\/1"}],"replies":[{"embeddable":true,"href":"https:\/\/www.biblia.work\/noticias\/wp-json\/wp\/v2\/comments?post=9157"}],"version-history":[{"count":0,"href":"https:\/\/www.biblia.work\/noticias\/wp-json\/wp\/v2\/posts\/9157\/revisions"}],"wp:attachment":[{"href":"https:\/\/www.biblia.work\/noticias\/wp-json\/wp\/v2\/media?parent=9157"}],"wp:term":[{"taxonomy":"category","embeddable":true,"href":"https:\/\/www.biblia.work\/noticias\/wp-json\/wp\/v2\/categories?post=9157"},{"taxonomy":"post_tag","embeddable":true,"href":"https:\/\/www.biblia.work\/noticias\/wp-json\/wp\/v2\/tags?post=9157"}],"curies":[{"name":"wp","href":"https:\/\/api.w.org\/{rel}","templated":true}]}}