{"id":9159,"date":"2016-11-22T07:15:02","date_gmt":"2016-11-22T12:15:02","guid":{"rendered":"http:\/\/www.biblia.work\/noticias\/el-papa-en-sta-marta-si-somos-fieles-a-dios-no-tendremos-miedo-al-juicio-final\/"},"modified":"2016-11-22T07:15:02","modified_gmt":"2016-11-22T12:15:02","slug":"el-papa-en-sta-marta-si-somos-fieles-a-dios-no-tendremos-miedo-al-juicio-final","status":"publish","type":"post","link":"https:\/\/www.biblia.work\/noticias\/el-papa-en-sta-marta-si-somos-fieles-a-dios-no-tendremos-miedo-al-juicio-final\/","title":{"rendered":"El Papa en Sta. Marta: \u201cSi somos fieles a Dios no tendremos miedo al juicio final\u201d"},"content":{"rendered":"<p style=\"text-align: justify\"><span style=\"font-weight: 400\">(ZENIT &#8211; Ciudad del Vaticano).- El papa Francisco, en la homil\u00eda de la misa celebrada esta ma\u00f1ana en Santa Marta, ha subrayado que \u201cla fidelidad al Se\u00f1or no decepciona\u201d. Tambi\u00e9n en el momento \u201cde nuestra muerte y del juicio de Dios\u201d, si hemos sido fieles, \u201cno tendremos miedo\u201d. <\/span><\/p>\n<p style=\"text-align: justify\"><span style=\"font-weight: 400\">As\u00ed, el Santo Padre ha advertido sobre el enga\u00f1o de la \u201calienaci\u00f3n\u201d del vivir, es decir, \u201ccomo si nunca tuvi\u00e9ramos que morir\u201d, invitando a pensar en esa \u201chuella que deja nuestra vida\u201d. <\/span><\/p>\n<p style=\"text-align: justify\"><span style=\"font-weight: 400\">Adem\u00e1s, ha invitado a reflexionar en la \u201cllamada del Se\u00f1or a pensar seriamente en el final\u201d, \u201cel final de cada uno de nosotros&#8221;, porque &#8220;cada uno de nosotros tendr\u00e1 su final\u201d. Al respecto, ha reconocido que \u201cno nos gusta pensar en estas cosas\u201d pero \u201ces la verdad\u201d. <\/span><\/p>\n<p style=\"text-align: justify\"><span style=\"font-weight: 400\">\u201cY cuando uno de nosotros se vaya, pasar\u00e1n los a\u00f1os y casi nadie nos recordar\u00e1\u201d, ha lamentado. Por eso ha contado que \u00e9l tiene una agenda donde escribe \u201ccuando muere una persona\u201d y cada d\u00eda ve ese \u201caniversario\u201d y \u201cc\u00f3mo ha pasado el tiempo\u201d. <\/span><span style=\"font-weight: 400\">De este modo, el Santo Padre ha se\u00f1alado que esto \u201cnos obliga\u201d a pensar qu\u00e9 dejamos, cu\u00e1l es la \u201chuella\u201d de nuestra vida. Y despu\u00e9s del final, como se cuenta en la p\u00e1gina del d\u00eda de la Apocalipsis de Juan, ser\u00e1 el juicio &#8220;para cada uno de nosotros&#8221;. \u00a0<\/span><\/p>\n<p style=\"text-align: justify\"><span style=\"font-weight: 400\">En esta misma l\u00ednea, el Pont\u00edfice ha asegurado que nos har\u00e1 bien pensar \u201c\u00bfc\u00f3mo ser\u00e1 el d\u00eda en el que estar\u00e9 delante de Jes\u00fas?\u201d, \u201ccu\u00e1ndo \u00c9l me pregunte sobre los talentos que he dado, que he hecho\u201d, \u201ccuando \u00c9l me pregunte c\u00f3mo ha estado mi coraz\u00f3n cuando ha ca\u00eddo la semilla, como un camino o como las espinas\u201d. \u201c\u00bfC\u00f3mo he recibido la Palabra? \u00bfCon coraz\u00f3n abierto? \u00bfLa he hecho brotar para el bien de todos o la he escondido?\u201d.<\/span><\/p>\n<p style=\"text-align: justify\"><span style=\"font-weight: 400\">Por otro lado, el Santo Padre ha pedido: \u201cno os dej\u00e9is enga\u00f1ar\u201d. Y el enga\u00f1o del que habla es \u201cla alienaci\u00f3n\u201d, \u201cel alejamiento\u201d, el enga\u00f1o de las \u201ccosas que son superficiales\u201d que \u201cno tienen trascendencia\u201d; el enga\u00f1o del \u201cvivir como si nunca tuvi\u00e9ramos que morir\u201d. As\u00ed, el Papa ha insistido en su homil\u00eda que debemos preguntarnos c\u00f3mo me encontrar\u00e1 el Se\u00f1or cuando venga. <\/span><\/p>\n<p style=\"text-align: justify\"><span style=\"font-weight: 400\">Al respecto, el Santo Padre ha contado que \u00e9l recuerda cuando iba a catequesis de ni\u00f1o les ense\u00f1aban cuatro cosas: muerte, juicio, infierno o gloria. \u201cSi t\u00fa no cuidas el coraz\u00f3n para que el Se\u00f1or est\u00e9 contigo y t\u00fa vives alejado del Se\u00f1or siempre, quiz\u00e1 est\u00e9 el peligro, el peligro de continuar as\u00ed alejado del Se\u00f1or por la eternidad\u201d, ha advertido el Papa. <\/span><\/p>\n<p style=\"text-align: justify\"><span style=\"font-weight: 400\">Haciendo nuevamente referencia a la lectura del d\u00eda, el Santo Padre ha aconsejado ser fiel \u201chasta la muerte\u201d y el Se\u00f1or \u201cte dar\u00e1 la corona de la vida\u201d. <\/span><span style=\"font-weight: 400\">La fidelidad al Se\u00f1or no decepciona, ha recordado Francisco. \u201cSi cada uno de nosotros es fiel al Se\u00f1or, cuando venga la muerte, diremos como Francisco, \u2018hermana muerte, ven\u2019&#8230; No nos asusta\u201d, ha asegurado. Y cuando sea el d\u00eda del juicio, miraremos al Se\u00f1or: \u2018Se\u00f1or, tengo muchos pecados, pero he tratado de ser fiel\u2019. Y el Se\u00f1or es bueno, recuerda el Santo Padre. <\/span><\/p>\n<p style=\"text-align: justify\"><span style=\"font-weight: 400\">Con esta fidelidad &#8211;ha concluido Francisco&#8211; no tendremos miedo al final, en nuestro final no tendremos miedo al d\u00eda del juicio. <\/span><\/p>\n<p><span class=\"et_bloom_bottom_trigger\"><\/span><\/p>\n<p><a href=\"https:\/\/es.zenit.org\/\" target=\"_blank\" rel=\"nofollow\">Fuente: es.zenit.org<\/a><\/p>\n","protected":false},"excerpt":{"rendered":"<p>(ZENIT &#8211; Ciudad del Vaticano).- El papa Francisco, en la homil\u00eda de la misa celebrada esta ma\u00f1ana en Santa Marta, ha subrayado que \u201cla fidelidad al Se\u00f1or no decepciona\u201d. Tambi\u00e9n en el momento \u201cde nuestra muerte y del juicio de Dios\u201d, si hemos sido fieles, \u201cno tendremos miedo\u201d. As\u00ed, el Santo Padre ha advertido sobre &hellip; <a href=\"https:\/\/www.biblia.work\/noticias\/el-papa-en-sta-marta-si-somos-fieles-a-dios-no-tendremos-miedo-al-juicio-final\/\" class=\"more-link\">Continuar leyendo<span class=\"screen-reader-text\"> \u00abEl Papa en Sta. Marta: \u201cSi somos fieles a Dios no tendremos miedo al juicio final\u201d\u00bb<\/span><\/a><\/p>\n","protected":false},"author":1,"featured_media":0,"comment_status":"open","ping_status":"closed","sticky":false,"template":"","format":"standard","meta":{"footnotes":""},"categories":[1],"tags":[],"class_list":["post-9159","post","type-post","status-publish","format-standard","hentry","category-general"],"_links":{"self":[{"href":"https:\/\/www.biblia.work\/noticias\/wp-json\/wp\/v2\/posts\/9159","targetHints":{"allow":["GET"]}}],"collection":[{"href":"https:\/\/www.biblia.work\/noticias\/wp-json\/wp\/v2\/posts"}],"about":[{"href":"https:\/\/www.biblia.work\/noticias\/wp-json\/wp\/v2\/types\/post"}],"author":[{"embeddable":true,"href":"https:\/\/www.biblia.work\/noticias\/wp-json\/wp\/v2\/users\/1"}],"replies":[{"embeddable":true,"href":"https:\/\/www.biblia.work\/noticias\/wp-json\/wp\/v2\/comments?post=9159"}],"version-history":[{"count":0,"href":"https:\/\/www.biblia.work\/noticias\/wp-json\/wp\/v2\/posts\/9159\/revisions"}],"wp:attachment":[{"href":"https:\/\/www.biblia.work\/noticias\/wp-json\/wp\/v2\/media?parent=9159"}],"wp:term":[{"taxonomy":"category","embeddable":true,"href":"https:\/\/www.biblia.work\/noticias\/wp-json\/wp\/v2\/categories?post=9159"},{"taxonomy":"post_tag","embeddable":true,"href":"https:\/\/www.biblia.work\/noticias\/wp-json\/wp\/v2\/tags?post=9159"}],"curies":[{"name":"wp","href":"https:\/\/api.w.org\/{rel}","templated":true}]}}