{"id":9165,"date":"2016-11-22T09:15:02","date_gmt":"2016-11-22T14:15:02","guid":{"rendered":"http:\/\/www.biblia.work\/noticias\/comentario-a-la-liturgia-dominical-23\/"},"modified":"2016-11-22T09:15:02","modified_gmt":"2016-11-22T14:15:02","slug":"comentario-a-la-liturgia-dominical-23","status":"publish","type":"post","link":"https:\/\/www.biblia.work\/noticias\/comentario-a-la-liturgia-dominical-23\/","title":{"rendered":"Comentario a la liturgia dominical"},"content":{"rendered":"<p style=\"text-align: justify\"><strong>INTRODUCCI\u00d3N AL CICLO A<\/strong><\/p>\n<p style=\"text-align: justify\"><strong>\u00a0<\/strong>Mateo ser\u00e1 el evangelista que nos acompa\u00f1ar\u00e1 en este ciclo A. El evangelio de Mateo, aunque no fue el primero en escribirse, sin embargo, es el m\u00e1s completo y comentado y el que ha m\u00e1s influido en la teolog\u00eda eclesial.<\/p>\n<p style=\"text-align: justify\">\u00bfQu\u00e9 notas podemos sacar de este evangelio de Mateo?<\/p>\n<p style=\"text-align: justify\"><em>Primero<\/em>, en este evangelio abundan m\u00e1s las palabras que los hechos. <em>Segundo<\/em>, todo el evangelio de Mateo est\u00e1 como enmarcado por dos grandes afirmaciones o confesiones cristol\u00f3gicas: \u00c9l es \u201cel Dios con nosotros\u201d (1, 23), y \u201cYo estoy con vosotros\u201d, una vez resucitado (28, 20). <em>Tercero<\/em>, Mateo abunda en citas del Antiguo Testamento, pues quiere demostrar que Jes\u00fas cumple las promesas del Antiguo Testamento, como el Mes\u00edas anunciado por los profetas. <em>Cuarto<\/em>, Mateo habla de la Iglesia m\u00e1s que ning\u00fan otro evangelista, como el nuevo Israel, el nuevo pueblo de Dios, ese Reino que Cristo ha inaugurado en la Iglesia y se consumar\u00e1 en el cielo. Y <em>finalmente<\/em>, Mateo tiene unos pasajes muy propios: la genealog\u00eda de Jes\u00fas, los relatos de la infancia, algunas par\u00e1bolas, el primado de Pedro, la escenificaci\u00f3n del juicio final.<\/p>\n<p style=\"text-align: justify\">Resumamos este tiempo lit\u00fargico del Adviento. Preparaci\u00f3n de nuestra alma y de nuestra comunidad parroquial y familiar para la venida de Cristo en su triple dimensi\u00f3n. Para conmemorar, s\u00ed, la venida hist\u00f3rica de Cristo en Bel\u00e9n y as\u00ed ganar de nuevo los frutos que el Se\u00f1or nos trajo hace 21 siglos. Pero tambi\u00e9n para prepararnos para la segunda venida gloriosa al final de los tiempos. Y sin olvidarnos la otra venida diaria a trav\u00e9s de la Eucarist\u00eda, de los dem\u00e1s sacramentos y de mis hermanos, especialmente los pobres.<\/p>\n<p style=\"text-align: justify\">Adviento, pues, tiempo de gracia. Nos ayudar\u00e1n a vivir este tiempo el profeta Isa\u00edas, Juan Bautista, Zacar\u00edas, Isabel, Jos\u00e9 y, sobre todo, Mar\u00eda.<\/p>\n<p style=\"text-align: justify\">&nbsp;<\/p>\n<p style=\"text-align: justify\"><strong>PRIMER DOMINGO DE ADVIENTO<\/strong><\/p>\n<p style=\"text-align: justify\"><strong>Ciclo A<\/strong><\/p>\n<p style=\"text-align: justify\"><strong>Textos: Isa\u00edas 2, 1-5; Romanos 13, 11-14; Mateo 24, 37-44<\/strong><\/p>\n<p style=\"text-align: justify\"><strong>Idea principal<\/strong>: <em>Despertaos<\/em> y caminad\u2026 se acerca la luz de nuestra salvaci\u00f3n, Cristo.<\/p>\n<p style=\"text-align: justify\"><strong>S\u00edntesis del mensaje<\/strong>: El Adviento es como un gran <em>despertador<\/em> de Dios que la Iglesia nos pone en nuestra mesilla de noche para quienes est\u00e1n medio adormilados, anestesiados por las mil preocupaciones y ocupaciones de cada d\u00eda. Con Cristo tendremos la tan anhelada paz que el profeta Isa\u00edas profet\u00f3 y por eso estamos alegres (1\u00aa lectura y salmo). Debemos espabilarnos y estar en vela, pues ya apunta el d\u00eda del Sol sin ocaso, y tenemos que revestirnos de Cristo (2\u00aa lectura y evangelio).<\/p>\n<p style=\"text-align: justify\"><strong>\u00a0<\/strong><strong>Aspectos de este idea: <\/strong><\/p>\n<p style=\"text-align: justify\"><strong><em>En primer lugar<\/em><\/strong>, no es f\u00e1cil <em>despertar<\/em> de tanto letargo y modorra. El mundo nos invita a sestear en la pereza, en la tibieza o en los gustos y caprichos: preocupaciones en la familia, en el trabajo, las mil tentaciones del mundo. <em>Despertemos<\/em> y caminemos con los pies del alma (San Agust\u00edn) hacia Cristo que nos espera de nuevo en Navidad tray\u00e9ndonos la salvaci\u00f3n (evangelio y 2\u00aa lectura). Es un camino hacia arriba: subamos con dignidad al monte del Se\u00f1or (1\u00aa lectura). Quien no sube, inevitablemente desciende. \u00bfQu\u00e9 me impide subir al monte del Se\u00f1or: pies atados, coraz\u00f3n apegado, voluntad desmotivada? Hay que estar preparados. Con la casa en orden. Con aceite en las l\u00e1mparas.<\/p>\n<p style=\"text-align: justify\"><strong><em>En segundo lugar<\/em><\/strong>, una vez que <em>despertemos<\/em> y caminemos con alegr\u00eda al encuentro de Cristo, estemos con el coraz\u00f3n vigilante pues en el camino hay ladrones que nos quieren robar nuestra fe, nuestra esperanza y nuestra decencia (evangelio y segunda lectura). \u00bfQu\u00e9 ladrones de ordinario me acechan en mi vida cristiana: ladrones internos, ladrones externos? Ah\u00ed nos esperan en la vuelta de la esquina: silbidos de sirenas, carruseles de fiestas, org\u00edas en francachelas.<\/p>\n<p style=\"text-align: justify\"><strong><em>Finalmente<\/em><\/strong>, despu\u00e9s de hacer la experiencia de Cristo en la oraci\u00f3n y en los sacramentos, experimentaremos los frutos de este encuentro con Cristo: estaremos revestidos de Cristo (2\u00aa lectura) y cosecharemos frutos suculentos (1\u00aa y 2\u00aa lectura): seremos hombres de luz, de paz y de moral en nuestra casa, en nuestros ambientes. \u00bfQu\u00e9 frutos estoy ofreciendo de mi experiencia de Cristo?<\/p>\n<p style=\"text-align: justify\"><strong>Para reflexionar<\/strong>: pongamos las pilas de la gracia a nuestro <em>despertador<\/em>, en el caso de que est\u00e9n gastadas, y marquemos bien la hora de levantarnos temprano para subir cada d\u00eda al monte de la oraci\u00f3n y progresemos en las virtudes durante el d\u00eda. Que en la Navidad, Cristo nos encuentre preparados con la l\u00e1mpara de la fe encendida y en paz con todos. Encomend\u00e9monos a la Virgen del Adviento que es tambi\u00e9n la Virgen de las Vigilias para que nos ayude a preparar el coraz\u00f3n para recibir a su Hijo Jes\u00fas.<\/p>\n<p style=\"text-align: justify\"><strong>Para rezar<\/strong>: cantemos la famosa canci\u00f3n: <em>\u201c<\/em><em>Ven, ven, Se\u00f1or no tardes, ven, ven que te esperamos; ven, ven, Se\u00f1or, no tardes, ven pronto, Se\u00f1or. El mundo muere de fr\u00edo, el alma perdi\u00f3 el calor, los hombres no son hermanos, al mundo le faltas t\u00fa. Ven, ven, Se\u00f1or, no tardes, ven, ven que te esperamos, ven, ven, Se\u00f1or, no tardes, ven pronto Se\u00f1or\u201d. <\/em><\/p>\n<p style=\"text-align: justify\">&nbsp;<\/p>\n<p><span class=\"et_bloom_bottom_trigger\"><\/span><\/p>\n<p><a href=\"https:\/\/es.zenit.org\/\" target=\"_blank\" rel=\"nofollow\">Fuente: es.zenit.org<\/a><\/p>\n","protected":false},"excerpt":{"rendered":"<p>INTRODUCCI\u00d3N AL CICLO A \u00a0Mateo ser\u00e1 el evangelista que nos acompa\u00f1ar\u00e1 en este ciclo A. El evangelio de Mateo, aunque no fue el primero en escribirse, sin embargo, es el m\u00e1s completo y comentado y el que ha m\u00e1s influido en la teolog\u00eda eclesial. \u00bfQu\u00e9 notas podemos sacar de este evangelio de Mateo? Primero, en &hellip; <a href=\"https:\/\/www.biblia.work\/noticias\/comentario-a-la-liturgia-dominical-23\/\" class=\"more-link\">Continuar leyendo<span class=\"screen-reader-text\"> \u00abComentario a la liturgia dominical\u00bb<\/span><\/a><\/p>\n","protected":false},"author":1,"featured_media":0,"comment_status":"open","ping_status":"closed","sticky":false,"template":"","format":"standard","meta":{"footnotes":""},"categories":[1],"tags":[],"class_list":["post-9165","post","type-post","status-publish","format-standard","hentry","category-general"],"_links":{"self":[{"href":"https:\/\/www.biblia.work\/noticias\/wp-json\/wp\/v2\/posts\/9165","targetHints":{"allow":["GET"]}}],"collection":[{"href":"https:\/\/www.biblia.work\/noticias\/wp-json\/wp\/v2\/posts"}],"about":[{"href":"https:\/\/www.biblia.work\/noticias\/wp-json\/wp\/v2\/types\/post"}],"author":[{"embeddable":true,"href":"https:\/\/www.biblia.work\/noticias\/wp-json\/wp\/v2\/users\/1"}],"replies":[{"embeddable":true,"href":"https:\/\/www.biblia.work\/noticias\/wp-json\/wp\/v2\/comments?post=9165"}],"version-history":[{"count":0,"href":"https:\/\/www.biblia.work\/noticias\/wp-json\/wp\/v2\/posts\/9165\/revisions"}],"wp:attachment":[{"href":"https:\/\/www.biblia.work\/noticias\/wp-json\/wp\/v2\/media?parent=9165"}],"wp:term":[{"taxonomy":"category","embeddable":true,"href":"https:\/\/www.biblia.work\/noticias\/wp-json\/wp\/v2\/categories?post=9165"},{"taxonomy":"post_tag","embeddable":true,"href":"https:\/\/www.biblia.work\/noticias\/wp-json\/wp\/v2\/tags?post=9165"}],"curies":[{"name":"wp","href":"https:\/\/api.w.org\/{rel}","templated":true}]}}