{"id":9166,"date":"2016-11-22T10:15:02","date_gmt":"2016-11-22T15:15:02","guid":{"rendered":"http:\/\/www.biblia.work\/noticias\/el-cardenal-urosa-asegura-que-el-papa-esta-siempre-pendiente-de-venezuela\/"},"modified":"2016-11-22T10:15:02","modified_gmt":"2016-11-22T15:15:02","slug":"el-cardenal-urosa-asegura-que-el-papa-esta-siempre-pendiente-de-venezuela","status":"publish","type":"post","link":"https:\/\/www.biblia.work\/noticias\/el-cardenal-urosa-asegura-que-el-papa-esta-siempre-pendiente-de-venezuela\/","title":{"rendered":"El cardenal Urosa asegura que el Papa est\u00e1 siempre pendiente de Venezuela"},"content":{"rendered":"<p style=\"text-align: justify\"><span style=\"font-weight: 400\">(ZENIT &#8211; Ciudad del Vaticano).- El papa Francisco contin\u00faa teniendo en el coraz\u00f3n a Venezuela, sin duda. As\u00ed lo asegur\u00f3 el cardenal <\/span><span style=\"font-weight: 400\">Jorge Urosa Savino, arzobispo de Caracas, conversando con los algunos medios de comunicaci\u00f3n, en\u00a0la visita de cortes\u00eda a los nuevos cardenales el s\u00e1bado por la tarde en el Vaticano, despu\u00e9s del consistorio. \u201cPara nosotros es algo muy alentador el afecto y la preocupaci\u00f3n que el papa Francisco siente por Venezuela\u201d, precis\u00f3. Al mismo tiempo que asegur\u00f3 que el Pont\u00edfice \u201csiempre est\u00e1 pendiente de nosotros\u201d. <\/span><\/p>\n<p style=\"text-align: justify\"><span style=\"font-weight: 400\">Adem\u00e1s, record\u00f3 que el Pont\u00edfice ahora est\u00e1 \u201cayudando, acompa\u00f1ando\u201d un di\u00e1logo pol\u00edtico sumamente \u201cimportante y necesario en el pa\u00eds para tratar que se resuelvan much\u00edsimos problemas\u201d porque hay \u201cuna crisis pol\u00edtica, econ\u00f3mica y social\u201d. <\/span><span style=\"font-weight: 400\">Por ello, el purpurado se mostr\u00f3 \u201cmuy agradecido por el afecto, el amor y el trabajo que el papa Francisco est\u00e1 haciendo por nuestra patria\u201d. <\/span><\/p>\n<p style=\"text-align: justify\"><span style=\"font-weight: 400\">Respecto a las negociaciones, el arzobispo lament\u00f3 que \u201cvan demasiado lentas\u201d. Nosotros &#8211;se\u00f1al\u00f3&#8211; aspiramos y esperamos que tengan un resultado concreto muy efectivo, muy pronto. \u00a0<\/span><span style=\"font-weight: 400\">En esta misma l\u00ednea, afirm\u00f3 que ser\u00eda una muestra de buena voluntad por parte del Gobierno el\u00a0facilitar la liberaci\u00f3n de muchos presos pol\u00edticos, \u201ca trav\u00e9s de muchos elementos legales que se pueden utilizar para ello\u201d. Esperamos, a\u00f1adi\u00f3 el cardenal, que los resultados se vean con mayor rapidez en las pr\u00f3ximas semanas. <\/span><\/p>\n<p style=\"text-align: justify\"><span style=\"font-weight: 400\">Por otro lado, el arzobispo de Caracas indic\u00f3 tambi\u00e9n que \u201calgunos piensan que el delegado del Papa, monse\u00f1or Celli, va a resolver\u201d. Por eso record\u00f3 que \u201cla responsabilidad de la resoluci\u00f3n de los problemas pesa sobre los hombros de las partes que est\u00e1n en conflicto, no sobre los hombros de los acompa\u00f1antes\u201d. No es el Vaticano &#8211;precis\u00f3&#8211; el que va a resolver los problemas de Venezuela, son los venezolanos del Gobierno y de la oposici\u00f3n tratando de llegar a acuerdos para que se resuelvan las circunstancias cr\u00edticas y muy malas que est\u00e1 viviendo el pueblo venezolano. <\/span><\/p>\n<p style=\"text-align: justify\"><span style=\"font-weight: 400\">Finalmente, recordando la misa que \u00e9l mismo celebr\u00f3 con presos pol\u00edticos el domingo anterior, explic\u00f3 que \u201cellos piden acompa\u00f1amiento, solidaridad, afecto, nuestro pronunciamiento\u201d. Y debo decir &#8211;concluy\u00f3 el purpurado&#8211; que el Episcopado Venezolano, permanentemente ha tocado este tema y en much\u00edsimos de nuestros documentos y declaraciones personales de muchos obispos hemos abogado por la libertad de los presos pol\u00edticos.<\/span><\/p>\n<p><span class=\"et_bloom_bottom_trigger\"><\/span><\/p>\n<p><a href=\"https:\/\/es.zenit.org\/\" target=\"_blank\" rel=\"nofollow\">Fuente: es.zenit.org<\/a><\/p>\n","protected":false},"excerpt":{"rendered":"<p>(ZENIT &#8211; Ciudad del Vaticano).- El papa Francisco contin\u00faa teniendo en el coraz\u00f3n a Venezuela, sin duda. As\u00ed lo asegur\u00f3 el cardenal Jorge Urosa Savino, arzobispo de Caracas, conversando con los algunos medios de comunicaci\u00f3n, en\u00a0la visita de cortes\u00eda a los nuevos cardenales el s\u00e1bado por la tarde en el Vaticano, despu\u00e9s del consistorio. \u201cPara &hellip; <a href=\"https:\/\/www.biblia.work\/noticias\/el-cardenal-urosa-asegura-que-el-papa-esta-siempre-pendiente-de-venezuela\/\" class=\"more-link\">Continuar leyendo<span class=\"screen-reader-text\"> \u00abEl cardenal Urosa asegura que el Papa est\u00e1 siempre pendiente de Venezuela\u00bb<\/span><\/a><\/p>\n","protected":false},"author":1,"featured_media":0,"comment_status":"open","ping_status":"closed","sticky":false,"template":"","format":"standard","meta":{"footnotes":""},"categories":[1],"tags":[],"class_list":["post-9166","post","type-post","status-publish","format-standard","hentry","category-general"],"_links":{"self":[{"href":"https:\/\/www.biblia.work\/noticias\/wp-json\/wp\/v2\/posts\/9166","targetHints":{"allow":["GET"]}}],"collection":[{"href":"https:\/\/www.biblia.work\/noticias\/wp-json\/wp\/v2\/posts"}],"about":[{"href":"https:\/\/www.biblia.work\/noticias\/wp-json\/wp\/v2\/types\/post"}],"author":[{"embeddable":true,"href":"https:\/\/www.biblia.work\/noticias\/wp-json\/wp\/v2\/users\/1"}],"replies":[{"embeddable":true,"href":"https:\/\/www.biblia.work\/noticias\/wp-json\/wp\/v2\/comments?post=9166"}],"version-history":[{"count":0,"href":"https:\/\/www.biblia.work\/noticias\/wp-json\/wp\/v2\/posts\/9166\/revisions"}],"wp:attachment":[{"href":"https:\/\/www.biblia.work\/noticias\/wp-json\/wp\/v2\/media?parent=9166"}],"wp:term":[{"taxonomy":"category","embeddable":true,"href":"https:\/\/www.biblia.work\/noticias\/wp-json\/wp\/v2\/categories?post=9166"},{"taxonomy":"post_tag","embeddable":true,"href":"https:\/\/www.biblia.work\/noticias\/wp-json\/wp\/v2\/tags?post=9166"}],"curies":[{"name":"wp","href":"https:\/\/api.w.org\/{rel}","templated":true}]}}