{"id":9167,"date":"2016-11-22T11:05:02","date_gmt":"2016-11-22T16:05:02","guid":{"rendered":"http:\/\/www.biblia.work\/noticias\/evangelicos-difieren-en-la-valoracion-del-nuevo-acuerdo-de-paz\/"},"modified":"2016-11-22T11:05:02","modified_gmt":"2016-11-22T16:05:02","slug":"evangelicos-difieren-en-la-valoracion-del-nuevo-acuerdo-de-paz","status":"publish","type":"post","link":"https:\/\/www.biblia.work\/noticias\/evangelicos-difieren-en-la-valoracion-del-nuevo-acuerdo-de-paz\/","title":{"rendered":"Evang\u00e9licos difieren en la valoraci\u00f3n del nuevo acuerdo de paz"},"content":{"rendered":"<p style=\"text-align: justify\">El nuevo acuerdo de paz elaborado por el Gobierno de Colombia y las FARC, que podr\u00eda ser firmado esta misma semana seg\u00fan apuntan varios medios del pa\u00eds cafetero, ha generado reacciones contrapuestas en el sector evang\u00e9lico. <\/p>\n<p style=\"text-align: justify\"> <strong>\u00bfQu\u00e9 opinas de esta noticia? Ve a <a href=\"http:\/\/www.Facebook.com\/mundocristiano\">www.Facebook.com\/mundocristiano<\/a> y comenta.<\/strong> <\/p>\n<p style=\"text-align: justify\">Seg\u00fan el presidente colombiano, Juan Manuel Santos, el nuevo acuerdo ten\u00eda en cuenta las peticiones realizadas por los organismos que impulsaron el \u201cNo\u201d que triunf\u00f3 en el plebiscito celebrado el pasado 2 de octubre. <\/p>\n<p style=\"text-align: justify\">Desde entonces, tanto el Gobierno de Colombia como las FARC mantuvieron reuniones con los representantes del \u201cNo\u201d, entre ellos colectivos evang\u00e9licos como el Cedecol o el Pacto Cristiano por la Paz, entre otros. <\/p>\n<p style=\"text-align: justify\">Los evang\u00e9licos presentaron ocho peticiones de modificaci\u00f3n, entre ellas, asuntos como que no estuviera presente la ideolog\u00eda de g\u00e9nero, sustituy\u00e9ndolo por la menci\u00f3n de protecci\u00f3n especial a las v\u00edctimas mujeres; que se respete la libertad de cultos y la objeci\u00f3n de conciencia; o el reconocimiento individual y colectivo de los l\u00edderes e iglesias cristianas como v\u00edctimas del conflicto armado. <\/p>\n<p style=\"text-align: justify\">Al examinar el nuevo acuerdo, los evang\u00e9licos han presentado diferentes conclusiones. Por parte del Pacto Cristiano por la Paz, se ha anunciado que se presentar\u00e1 un documento con aportaciones de modificaci\u00f3n al acuerdo, seg\u00fan anunci\u00f3 la portavoz del colectivo, la pastora y abogada Claudia Castellanos. <\/p>\n<p style=\"text-align: justify\"> \u201cNuevamente el gobierno nacional incumple al presentar un acuerdo con la caracter\u00edstica de definitivo e indisoluble, sin presentar un balance\u201d, expresaba. \u201cTenemos dudas importantes en el tema de enfoque de g\u00e9nero. A pesar de que se han hecho algunas modificaciones en cuanto al lenguaje, se sigue manteniendo estructuralmente el mismo aspecto. Nosotros sugerimos que si el objetivo de utilizar el lenguaje de g\u00e9nero es para subrayar el derecho de las mujeres, se utilizara la expresi\u00f3n \u201cenfoque de derechos\u201d, sugerencia que no fue tenida en cuenta\u201d. <\/p>\n<p style=\"text-align: justify\"> \u201cEs prematuro hablar de detalles ya que estamos estudiando los acuerdos para que se pueda escuchar claramente nuestra postura\u201d, afirmaba Castellanos. \u201cSolicitamos no considerar el documento como definitivo para hacer los aportes necesarios y que as\u00ed refleje la voluntad del constituyente primario\u201d, concluye. <\/p>\n<p style=\"text-align: justify\">Sin embargo, no todos los evang\u00e9licos est\u00e1n insatisfechos con el nuevo acuerdo. La senadora evang\u00e9lica Viviane Morales, que se hab\u00eda opuesto al acuerdo anterior, manifest\u00f3 su satisfacci\u00f3n. <\/p>\n<p style=\"text-align: justify\"> \u201cLo que fuimos a hablar con los negociadores en La Habana ha quedado incluido en el nuevo acuerdo\u201d, expres\u00f3 Morales. \u201cEl tratamiento especial a la mujer como v\u00edctima del conflicto, el tema del reconocimiento de la libertad religiosa, que ser\u00e1 completamente respetada, el tema de las v\u00edctimas por razones religiosas, la igualdad y no discriminaci\u00f3n y la participaci\u00f3n de la iglesia cristiana en el post-conflicto&#8230; Todos han sido incluidos en el nuevo acuerdo\u201d, concluye Morales. <\/p>\n<p style=\"text-align: justify\">La senadora se muestra favorable a que sea el Congreso \u201cquien haga una refrendaci\u00f3n e implementaci\u00f3n del acuerdo\u201d. A\u00fan no se sabe si el presidente Juan Manuel Santos volver\u00e1 a convocar un plebiscito para que el acuerdo sea refrendado por los ciudadanos, o se optar\u00e1 por otra forma de aprobaci\u00f3n e implementaci\u00f3n del mismo, que podr\u00eda ser firmado esta misma semana. <\/p>\n","protected":false},"excerpt":{"rendered":"<p>El nuevo acuerdo de paz elaborado por el Gobierno de Colombia y las FARC, que podr\u00eda ser firmado esta misma semana seg\u00fan apuntan varios medios del pa\u00eds cafetero, ha generado reacciones contrapuestas en el sector evang\u00e9lico. \u00bfQu\u00e9 opinas de esta noticia? Ve a www.Facebook.com\/mundocristiano y comenta. Seg\u00fan el presidente colombiano, Juan Manuel Santos, el nuevo &hellip; <a href=\"https:\/\/www.biblia.work\/noticias\/evangelicos-difieren-en-la-valoracion-del-nuevo-acuerdo-de-paz\/\" class=\"more-link\">Continuar leyendo<span class=\"screen-reader-text\"> \u00abEvang\u00e9licos difieren en la valoraci\u00f3n del nuevo acuerdo de paz\u00bb<\/span><\/a><\/p>\n","protected":false},"author":1,"featured_media":0,"comment_status":"open","ping_status":"closed","sticky":false,"template":"","format":"standard","meta":{"footnotes":""},"categories":[1],"tags":[],"class_list":["post-9167","post","type-post","status-publish","format-standard","hentry","category-general"],"_links":{"self":[{"href":"https:\/\/www.biblia.work\/noticias\/wp-json\/wp\/v2\/posts\/9167","targetHints":{"allow":["GET"]}}],"collection":[{"href":"https:\/\/www.biblia.work\/noticias\/wp-json\/wp\/v2\/posts"}],"about":[{"href":"https:\/\/www.biblia.work\/noticias\/wp-json\/wp\/v2\/types\/post"}],"author":[{"embeddable":true,"href":"https:\/\/www.biblia.work\/noticias\/wp-json\/wp\/v2\/users\/1"}],"replies":[{"embeddable":true,"href":"https:\/\/www.biblia.work\/noticias\/wp-json\/wp\/v2\/comments?post=9167"}],"version-history":[{"count":0,"href":"https:\/\/www.biblia.work\/noticias\/wp-json\/wp\/v2\/posts\/9167\/revisions"}],"wp:attachment":[{"href":"https:\/\/www.biblia.work\/noticias\/wp-json\/wp\/v2\/media?parent=9167"}],"wp:term":[{"taxonomy":"category","embeddable":true,"href":"https:\/\/www.biblia.work\/noticias\/wp-json\/wp\/v2\/categories?post=9167"},{"taxonomy":"post_tag","embeddable":true,"href":"https:\/\/www.biblia.work\/noticias\/wp-json\/wp\/v2\/tags?post=9167"}],"curies":[{"name":"wp","href":"https:\/\/api.w.org\/{rel}","templated":true}]}}