{"id":9168,"date":"2016-11-22T11:15:01","date_gmt":"2016-11-22T16:15:01","guid":{"rendered":"http:\/\/www.biblia.work\/noticias\/asociacion-italiana-recibe-una-autocaravana-regalada-por-el-papa\/"},"modified":"2016-11-22T11:15:01","modified_gmt":"2016-11-22T16:15:01","slug":"asociacion-italiana-recibe-una-autocaravana-regalada-por-el-papa","status":"publish","type":"post","link":"https:\/\/www.biblia.work\/noticias\/asociacion-italiana-recibe-una-autocaravana-regalada-por-el-papa\/","title":{"rendered":"Asociaci\u00f3n italiana recibe una autocaravana regalada por el Papa"},"content":{"rendered":"<p style=\"text-align: justify\"><b><\/b><span style=\"font-weight: 400\">(ZENIT &#8211; Roma).- El presidente del Pontificio Consejo para la Promoci\u00f3n de la Nueva Evangelizaci\u00f3n entregar\u00e1, este mi\u00e9rcoles, la autocaravana regalada por el Papa a Unitalsi (Uni\u00f3n Nacional Italiana de Transporte de Enfermos a Lourdes y Santuarios Internacionales). Ser\u00e1 utilizada para las actividades que realiza la Asociaci\u00f3n a favor de las familias en dificultad y por las personas con discapacidad. <\/span><\/p>\n<p style=\"text-align: justify\"><span style=\"font-weight: 400\">La furgoneta camper fue regalada por el Santo Padre con ocasi\u00f3n del Jubileo del <\/span><i><span style=\"font-weight: 400\">PleinAir <\/span><\/i><span style=\"font-weight: 400\">que tuvo lugar el pasado 22 de octubre. <\/span><\/p>\n<p><span class=\"et_bloom_bottom_trigger\"><\/span><\/p>\n<p><a href=\"https:\/\/es.zenit.org\/\" target=\"_blank\" rel=\"nofollow\">Fuente: es.zenit.org<\/a><\/p>\n","protected":false},"excerpt":{"rendered":"<p>(ZENIT &#8211; Roma).- El presidente del Pontificio Consejo para la Promoci\u00f3n de la Nueva Evangelizaci\u00f3n entregar\u00e1, este mi\u00e9rcoles, la autocaravana regalada por el Papa a Unitalsi (Uni\u00f3n Nacional Italiana de Transporte de Enfermos a Lourdes y Santuarios Internacionales). Ser\u00e1 utilizada para las actividades que realiza la Asociaci\u00f3n a favor de las familias en dificultad y &hellip; <a href=\"https:\/\/www.biblia.work\/noticias\/asociacion-italiana-recibe-una-autocaravana-regalada-por-el-papa\/\" class=\"more-link\">Continuar leyendo<span class=\"screen-reader-text\"> \u00abAsociaci\u00f3n italiana recibe una autocaravana regalada por el Papa\u00bb<\/span><\/a><\/p>\n","protected":false},"author":1,"featured_media":0,"comment_status":"open","ping_status":"closed","sticky":false,"template":"","format":"standard","meta":{"footnotes":""},"categories":[1],"tags":[],"class_list":["post-9168","post","type-post","status-publish","format-standard","hentry","category-general"],"_links":{"self":[{"href":"https:\/\/www.biblia.work\/noticias\/wp-json\/wp\/v2\/posts\/9168","targetHints":{"allow":["GET"]}}],"collection":[{"href":"https:\/\/www.biblia.work\/noticias\/wp-json\/wp\/v2\/posts"}],"about":[{"href":"https:\/\/www.biblia.work\/noticias\/wp-json\/wp\/v2\/types\/post"}],"author":[{"embeddable":true,"href":"https:\/\/www.biblia.work\/noticias\/wp-json\/wp\/v2\/users\/1"}],"replies":[{"embeddable":true,"href":"https:\/\/www.biblia.work\/noticias\/wp-json\/wp\/v2\/comments?post=9168"}],"version-history":[{"count":0,"href":"https:\/\/www.biblia.work\/noticias\/wp-json\/wp\/v2\/posts\/9168\/revisions"}],"wp:attachment":[{"href":"https:\/\/www.biblia.work\/noticias\/wp-json\/wp\/v2\/media?parent=9168"}],"wp:term":[{"taxonomy":"category","embeddable":true,"href":"https:\/\/www.biblia.work\/noticias\/wp-json\/wp\/v2\/categories?post=9168"},{"taxonomy":"post_tag","embeddable":true,"href":"https:\/\/www.biblia.work\/noticias\/wp-json\/wp\/v2\/tags?post=9168"}],"curies":[{"name":"wp","href":"https:\/\/api.w.org\/{rel}","templated":true}]}}