{"id":9174,"date":"2016-11-22T12:10:03","date_gmt":"2016-11-22T17:10:03","guid":{"rendered":"http:\/\/www.biblia.work\/noticias\/papa-da-poder-a-los-padres-para-perdonar-abortos\/"},"modified":"2016-11-22T12:10:03","modified_gmt":"2016-11-22T17:10:03","slug":"papa-da-poder-a-los-padres-para-perdonar-abortos","status":"publish","type":"post","link":"https:\/\/www.biblia.work\/noticias\/papa-da-poder-a-los-padres-para-perdonar-abortos\/","title":{"rendered":"Papa da poder a los padres para perdonar abortos"},"content":{"rendered":"<p style=\"text-align: justify\">El Papa Francisco hizo recientemente un anuncio pol\u00e9mico. Despu\u00e9s haberles permitido a los sacerdotes el poder de perdonar a las mujeres que hab\u00edan abortado en el 2015, estableci\u00f3 como l\u00edmite el final del Jubileo de la Mericordia, que termin\u00f3 el domingo (20).<\/p>\n<p style=\"text-align: justify\">En un documento divulgado por el Vaticano, dice que Francisco resalt\u00f3 que el &#8220;aborto es un pecado grave, una vez que pone un fin a una vida inocente&#8221;. Al mismo tiempo, record\u00f3 que &#8220;no hay pecado al cual la misericordia de Dios no pueda limpiar de un coraz\u00f3n arrepentido&#8221;.<\/p>\n<p style=\"text-align: justify\">Siendo as\u00ed les garantiz\u00f3 a los padres cat\u00f3licos o poder para perdonar abortos. Tal concesi\u00f3n era dada solamente a los obispos. Su &#8220;carta apost\u00f3lica&#8221; dice: &#8220;De ahora en adelante concedo a todos los sacerdotes, en raz\u00f3n de su ministerio, la facultad de absolver a quien haya procurado el pecado de aborto&#8221;. El material parece ser otra una tentativa de hacer que la Iglesia Cat\u00f3lica sea una instituci\u00f3n m\u00e1s inclusiva.<\/p>\n<p style=\"text-align: justify\">Llama la atenci\u00f3n la publicaci\u00f3n al ser divulgada en medio de las cobranzas de que el pont\u00edfice est\u00e1 recibiendo de los sectores m\u00e1s conservadores de la Iglesia. Cuatro cardenales divulgaron recientemente las cr\u00edticas p\u00fablicas contra Francisco, acus\u00e1ndolo de generar confusi\u00f3n referente a la familia, como el propio aborto.<\/p>\n<p style=\"text-align: justify\">Seg\u00fan O Globo, el Papa no va a responder a la petici\u00f3n de los cardenales de retractarse, prefiriendo decir que aquellos que est\u00e1n dentro de la Iglesia tienen una visi\u00f3n en &#8220;blanco o negro&#8221;. Por tal motivo ahora todo sacerdote tendr\u00e1 el poder de perdonar abortos.<\/p>\n<p style=\"text-align: justify\">La entrada <a rel=\"nofollow\" href=\"http:\/\/www.noticiacristiana.com\/sociedad\/iglesiaestado\/2016\/11\/papa-padres-perdonar-abortos.html\">Papa da poder a los padres para perdonar abortos<\/a> aparece primero en <a rel=\"nofollow\" href=\"http:\/\/www.noticiacristiana.com\">NoticiaCristiana.com<\/a>.<\/p>\n","protected":false},"excerpt":{"rendered":"<p>El Papa Francisco hizo recientemente un anuncio pol\u00e9mico. Despu\u00e9s haberles permitido a los sacerdotes el poder de perdonar a las mujeres que hab\u00edan abortado en el 2015, estableci\u00f3 como l\u00edmite el final del Jubileo de la Mericordia, que termin\u00f3 el domingo (20). En un documento divulgado por el Vaticano, dice que Francisco resalt\u00f3 que el &hellip; <a href=\"https:\/\/www.biblia.work\/noticias\/papa-da-poder-a-los-padres-para-perdonar-abortos\/\" class=\"more-link\">Continuar leyendo<span class=\"screen-reader-text\"> \u00abPapa da poder a los padres para perdonar abortos\u00bb<\/span><\/a><\/p>\n","protected":false},"author":1,"featured_media":0,"comment_status":"open","ping_status":"closed","sticky":false,"template":"","format":"standard","meta":{"footnotes":""},"categories":[1],"tags":[],"class_list":["post-9174","post","type-post","status-publish","format-standard","hentry","category-general"],"_links":{"self":[{"href":"https:\/\/www.biblia.work\/noticias\/wp-json\/wp\/v2\/posts\/9174","targetHints":{"allow":["GET"]}}],"collection":[{"href":"https:\/\/www.biblia.work\/noticias\/wp-json\/wp\/v2\/posts"}],"about":[{"href":"https:\/\/www.biblia.work\/noticias\/wp-json\/wp\/v2\/types\/post"}],"author":[{"embeddable":true,"href":"https:\/\/www.biblia.work\/noticias\/wp-json\/wp\/v2\/users\/1"}],"replies":[{"embeddable":true,"href":"https:\/\/www.biblia.work\/noticias\/wp-json\/wp\/v2\/comments?post=9174"}],"version-history":[{"count":0,"href":"https:\/\/www.biblia.work\/noticias\/wp-json\/wp\/v2\/posts\/9174\/revisions"}],"wp:attachment":[{"href":"https:\/\/www.biblia.work\/noticias\/wp-json\/wp\/v2\/media?parent=9174"}],"wp:term":[{"taxonomy":"category","embeddable":true,"href":"https:\/\/www.biblia.work\/noticias\/wp-json\/wp\/v2\/categories?post=9174"},{"taxonomy":"post_tag","embeddable":true,"href":"https:\/\/www.biblia.work\/noticias\/wp-json\/wp\/v2\/tags?post=9174"}],"curies":[{"name":"wp","href":"https:\/\/api.w.org\/{rel}","templated":true}]}}