{"id":9178,"date":"2016-11-22T13:40:04","date_gmt":"2016-11-22T18:40:04","guid":{"rendered":"http:\/\/www.biblia.work\/noticias\/la-conferencia-episcopal-espanola-celebra-50-anos-junto-a-los-reyes-de-espana\/"},"modified":"2016-11-22T13:40:04","modified_gmt":"2016-11-22T18:40:04","slug":"la-conferencia-episcopal-espanola-celebra-50-anos-junto-a-los-reyes-de-espana","status":"publish","type":"post","link":"https:\/\/www.biblia.work\/noticias\/la-conferencia-episcopal-espanola-celebra-50-anos-junto-a-los-reyes-de-espana\/","title":{"rendered":"La Conferencia Episcopal Espa\u00f1ola celebra 50 a\u00f1os junto a los Reyes de Espa\u00f1a"},"content":{"rendered":"<p> <img src='http:\/\/media02.radiovaticana.va\/photo\/2016\/11\/21\/RV21354_Thumbnail.JPG' alt='' align='left' hspace='5'> <\/p>\n<p>REFLEXIONES EN FRONTERA, jesuita Guillermo Ortiz&nbsp;<\/p>\n<p><span><br \/>\n<audio class=\"video-js vjs-default-skin vjs-big-play-button-centered rv-custom-audio\" controls=\"\" id=\"audioItem_8943840\" preload=\"none\"><\/audio><br \/>\n<span class=\"rv-audio-download\"><a href=\"http:\/\/media02.radiovaticana.va\/audio\/audio2\/mp3\/00558760.mp3\" title=\"Download audio\"><img decoding=\"async\" src=\"http:\/\/es.radiovaticana.va\/Modules\/Presentation\/Styles\/images-common\/icons\/download-audio-mp3_off.png\" style=\"height: 30px\" \/><\/a><\/span> <\/span><\/p>\n<p>Es sorprendente, pero la comunidad celebra al &ldquo;Mes&iacute;as de Dios, al Elegido, al Rey&rdquo;, en la cruz, sin poder y sin gloria, donde parece m&aacute;s un vencido que un vencedor.<\/p>\n<p>En la solemnidad de Cristo Rey Francisco afirm&oacute; que la realeza de Jes&uacute;s es parad&oacute;jica: &ldquo;su trono es la cruz; su corona es de espinas; no tiene cetro, pero le ponen una ca&ntilde;a en la mano; no viste suntuosamente, pero es privado de la t&uacute;nica; no tiene anillos deslumbrantes en los dedos, sino sus manos est&aacute;n traspasadas por los clavos; no posee un tesoro, pero es vendido por treinta monedas&rdquo;.<\/p>\n<p>Y el Obispo de Roma explic&oacute; que la clave de la victoria est&aacute; precisamente ah&iacute;. Porque la grandeza del&nbsp; reino de Jes&uacute;s &ldquo;no es el poder seg&uacute;n el mundo, sino el amor de Dios, un amor capaz de alcanzar y restaurar todas las cosas. Por este amor, Cristo se abaj&oacute; hasta nosotros, vivi&oacute; nuestra miseria humana, prob&oacute; nuestra condici&oacute;n m&aacute;s &iacute;nfima: la injusticia, la traici&oacute;n, el abandono; experiment&oacute; la muerte, el sepulcro, los infiernos. De esta forma nuestro Rey fue incluso hasta los confines del Universo para abrazar y salvar a todo viviente&rdquo;.<\/p>\n<p>&iquest;Qu&eacute; pens&aacute;s y sent&iacute;s sobre esta paradoja de la fe, que sin embargo podr&iacute;a ser tambi&eacute;n la clave de nuestra victoria? @jesuitaGuillo<\/p>\n<p><a href=\"http:\/\/es.radiovaticana.va\" target=\"_blank\" rel=\"nofollow\">Fuente: es.radiovaticana.va<\/a><\/p>\n","protected":false},"excerpt":{"rendered":"<p>REFLEXIONES EN FRONTERA, jesuita Guillermo Ortiz&nbsp; Es sorprendente, pero la comunidad celebra al &ldquo;Mes&iacute;as de Dios, al Elegido, al Rey&rdquo;, en la cruz, sin poder y sin gloria, donde parece m&aacute;s un vencido que un vencedor. En la solemnidad de Cristo Rey Francisco afirm&oacute; que la realeza de Jes&uacute;s es parad&oacute;jica: &ldquo;su trono es la &hellip; <a href=\"https:\/\/www.biblia.work\/noticias\/la-conferencia-episcopal-espanola-celebra-50-anos-junto-a-los-reyes-de-espana\/\" class=\"more-link\">Continuar leyendo<span class=\"screen-reader-text\"> \u00abLa Conferencia Episcopal Espa\u00f1ola celebra 50 a\u00f1os junto a los Reyes de Espa\u00f1a\u00bb<\/span><\/a><\/p>\n","protected":false},"author":1,"featured_media":0,"comment_status":"open","ping_status":"closed","sticky":false,"template":"","format":"standard","meta":{"footnotes":""},"categories":[1],"tags":[],"class_list":["post-9178","post","type-post","status-publish","format-standard","hentry","category-general"],"_links":{"self":[{"href":"https:\/\/www.biblia.work\/noticias\/wp-json\/wp\/v2\/posts\/9178","targetHints":{"allow":["GET"]}}],"collection":[{"href":"https:\/\/www.biblia.work\/noticias\/wp-json\/wp\/v2\/posts"}],"about":[{"href":"https:\/\/www.biblia.work\/noticias\/wp-json\/wp\/v2\/types\/post"}],"author":[{"embeddable":true,"href":"https:\/\/www.biblia.work\/noticias\/wp-json\/wp\/v2\/users\/1"}],"replies":[{"embeddable":true,"href":"https:\/\/www.biblia.work\/noticias\/wp-json\/wp\/v2\/comments?post=9178"}],"version-history":[{"count":0,"href":"https:\/\/www.biblia.work\/noticias\/wp-json\/wp\/v2\/posts\/9178\/revisions"}],"wp:attachment":[{"href":"https:\/\/www.biblia.work\/noticias\/wp-json\/wp\/v2\/media?parent=9178"}],"wp:term":[{"taxonomy":"category","embeddable":true,"href":"https:\/\/www.biblia.work\/noticias\/wp-json\/wp\/v2\/categories?post=9178"},{"taxonomy":"post_tag","embeddable":true,"href":"https:\/\/www.biblia.work\/noticias\/wp-json\/wp\/v2\/tags?post=9178"}],"curies":[{"name":"wp","href":"https:\/\/api.w.org\/{rel}","templated":true}]}}