{"id":9187,"date":"2016-11-22T18:05:02","date_gmt":"2016-11-22T23:05:02","guid":{"rendered":"http:\/\/www.biblia.work\/noticias\/huracan-otto-golpea-america-central\/"},"modified":"2016-11-22T18:05:02","modified_gmt":"2016-11-22T23:05:02","slug":"huracan-otto-golpea-america-central","status":"publish","type":"post","link":"https:\/\/www.biblia.work\/noticias\/huracan-otto-golpea-america-central\/","title":{"rendered":"Hurac\u00e1n Otto golpea Am\u00e9rica Central"},"content":{"rendered":"<p style=\"text-align: justify\">El hurac\u00e1n Otto que alcanz\u00f3 tal categor\u00eda la tarde de este martes, ha dejado tres muertos en Panam\u00e1, mientras los gobiernos de Costa Rica y Nicaragua hacen planes de evacuaci\u00f3n en las \u00e1reas costeras del Caribe, seg\u00fan informes oficiales. <\/p>\n<p style=\"text-align: justify\"> <strong>\u00bfQu\u00e9 opinas de esta noticia? Ve a <a href=\"http:\/\/www.Facebook.com\/mundocristiano\">www.Facebook.com\/mundocristiano<\/a> y comenta.<\/strong> <\/p>\n<p style=\"text-align: justify\">El Centro Nacional de Huracanes (HNC), de Estados Unidos, anunci\u00f3 en su p\u00e1gina web que Otto se transform\u00f3 en el s\u00e9ptimo hurac\u00e1n de la temporada 2016, con vientos de 120 km\/hora. <\/p>\n<p style=\"text-align: justify\">Werner Stolz del Instituto Meteorol\u00f3gico Nacional de Costa Rica, dijo que se espera que el hurac\u00e1n impacte el pr\u00f3ximo jueves al mediod\u00eda la zona norte del Caribe costarricense, el cual sostiene en este momento vientos de m\u00e1s de 118km\/h. <\/p>\n<p style=\"text-align: justify\">De acuerdo con Stolz, se espera que en el momento que Otto toque tierra pierda fuerza y se degrade a tormenta tropical. <\/p>\n<p style=\"text-align: justify\">Por su parte, la Alianza Evang\u00e9lica de Nicaragua est\u00e1 activando el Comit\u00e9 Evang\u00e9lico de Emergencia Nacional (CEEN), seg\u00fan inform\u00f3 Mauricio Fonseca, presidente de la organizaci\u00f3n cristiana, a Mundo Cristiano. <\/p>\n<p style=\"text-align: justify\">Adem\u00e1s, Fonseca inform\u00f3 que ma\u00f1ana se van a estar reuniendo para analizar qu\u00e9 acciones tomar. <\/p>\n<p style=\"text-align: justify\">Del lado de Costa Rica, la Alianza Evang\u00e9lica del pa\u00eds est\u00e1 en comunicaci\u00f3n con pastores ubicados en la zona afectada. <\/p>\n","protected":false},"excerpt":{"rendered":"<p>El hurac\u00e1n Otto que alcanz\u00f3 tal categor\u00eda la tarde de este martes, ha dejado tres muertos en Panam\u00e1, mientras los gobiernos de Costa Rica y Nicaragua hacen planes de evacuaci\u00f3n en las \u00e1reas costeras del Caribe, seg\u00fan informes oficiales. \u00bfQu\u00e9 opinas de esta noticia? Ve a www.Facebook.com\/mundocristiano y comenta. El Centro Nacional de Huracanes (HNC), &hellip; <a href=\"https:\/\/www.biblia.work\/noticias\/huracan-otto-golpea-america-central\/\" class=\"more-link\">Continuar leyendo<span class=\"screen-reader-text\"> \u00abHurac\u00e1n Otto golpea Am\u00e9rica Central\u00bb<\/span><\/a><\/p>\n","protected":false},"author":1,"featured_media":0,"comment_status":"open","ping_status":"closed","sticky":false,"template":"","format":"standard","meta":{"footnotes":""},"categories":[1],"tags":[],"class_list":["post-9187","post","type-post","status-publish","format-standard","hentry","category-general"],"_links":{"self":[{"href":"https:\/\/www.biblia.work\/noticias\/wp-json\/wp\/v2\/posts\/9187","targetHints":{"allow":["GET"]}}],"collection":[{"href":"https:\/\/www.biblia.work\/noticias\/wp-json\/wp\/v2\/posts"}],"about":[{"href":"https:\/\/www.biblia.work\/noticias\/wp-json\/wp\/v2\/types\/post"}],"author":[{"embeddable":true,"href":"https:\/\/www.biblia.work\/noticias\/wp-json\/wp\/v2\/users\/1"}],"replies":[{"embeddable":true,"href":"https:\/\/www.biblia.work\/noticias\/wp-json\/wp\/v2\/comments?post=9187"}],"version-history":[{"count":0,"href":"https:\/\/www.biblia.work\/noticias\/wp-json\/wp\/v2\/posts\/9187\/revisions"}],"wp:attachment":[{"href":"https:\/\/www.biblia.work\/noticias\/wp-json\/wp\/v2\/media?parent=9187"}],"wp:term":[{"taxonomy":"category","embeddable":true,"href":"https:\/\/www.biblia.work\/noticias\/wp-json\/wp\/v2\/categories?post=9187"},{"taxonomy":"post_tag","embeddable":true,"href":"https:\/\/www.biblia.work\/noticias\/wp-json\/wp\/v2\/tags?post=9187"}],"curies":[{"name":"wp","href":"https:\/\/api.w.org\/{rel}","templated":true}]}}