{"id":9189,"date":"2016-11-22T20:05:02","date_gmt":"2016-11-23T01:05:02","guid":{"rendered":"http:\/\/www.biblia.work\/noticias\/subastaran-papamoviles-que-uso-el-papa-francisco-en-mexico\/"},"modified":"2016-11-22T20:05:02","modified_gmt":"2016-11-23T01:05:02","slug":"subastaran-papamoviles-que-uso-el-papa-francisco-en-mexico","status":"publish","type":"post","link":"https:\/\/www.biblia.work\/noticias\/subastaran-papamoviles-que-uso-el-papa-francisco-en-mexico\/","title":{"rendered":"Subastar\u00e1n papam\u00f3viles que us\u00f3 el Papa Francisco en M\u00e9xico"},"content":{"rendered":"<p> CIUDAD DE M\u00c9XICO, 22 Nov. 16 (ACI).-<br \/>\n\tDos camionetas Dodge Ram 2500 que us&oacute; el Papa Francisco como &ldquo;papam&oacute;viles&rdquo; durante sus recorridos en San Crist&oacute;bal de las Casas y Ciudad Ju&aacute;rez en M&eacute;xico, en febrero de 2016, ser&aacute;n subastadas para recolectar dinero destinado a caridad.<\/p>\n<p style=\"text-align: justify\">\n\tAmbos veh&iacute;culos ser&aacute;n subastados el 24 de noviembre a las 9:00 p.m. (hora local), con un precio inicial de 500.000 pesos (alrededor de 24.300 d&oacute;lares).<\/p>\n<p style=\"text-align: justify\">\n\tEl dinero que se recaude en la subasta ser&aacute; usado por la Fundaci&oacute;n Ay&uacute;date A DAR A.C., paras implementar el trabajo que realizan diversas instituciones que atienden a ni&ntilde;os y j&oacute;venes en situaci&oacute;n de calle, riesgo y abandono.<\/p>\n<p style=\"text-align: justify\">\n\tEntre las instituciones que se ver&aacute;n beneficiadas se encuentran la Casa Alianza, Hogares Providencia, Yolia, Hogar Alegr&iacute;a y el Internado Infantil Guadalupano.<\/p>\n<p style=\"text-align: justify\">\n\tPara m&aacute;s informaci&oacute;n, puede escribir al correo electr&oacute;nico c_olea@ayudateadar.org.mx o visitar el sitio web http:\/\/ayudateadar.org.mx\/.<\/p>\n<p style=\"text-align: justify\">\n\tTambi&eacute;n te puede interesar:<\/p>\n<p style=\"text-align: justify\">\n\t\tEstos son los momentos que te perdiste del viaje del Papa Francisco a M&eacute;xico https:\/\/t.co\/1TxLBv1mUi<\/p>\n<p>\t&mdash; ACI Prensa (@aciprensa) 20 de febrero de 2016<\/p>\n","protected":false},"excerpt":{"rendered":"<p>CIUDAD DE M\u00c9XICO, 22 Nov. 16 (ACI).- Dos camionetas Dodge Ram 2500 que us&oacute; el Papa Francisco como &ldquo;papam&oacute;viles&rdquo; durante sus recorridos en San Crist&oacute;bal de las Casas y Ciudad Ju&aacute;rez en M&eacute;xico, en febrero de 2016, ser&aacute;n subastadas para recolectar dinero destinado a caridad. Ambos veh&iacute;culos ser&aacute;n subastados el 24 de noviembre a las &hellip; <a href=\"https:\/\/www.biblia.work\/noticias\/subastaran-papamoviles-que-uso-el-papa-francisco-en-mexico\/\" class=\"more-link\">Continuar leyendo<span class=\"screen-reader-text\"> \u00abSubastar\u00e1n papam\u00f3viles que us\u00f3 el Papa Francisco en M\u00e9xico\u00bb<\/span><\/a><\/p>\n","protected":false},"author":1,"featured_media":0,"comment_status":"open","ping_status":"closed","sticky":false,"template":"","format":"standard","meta":{"footnotes":""},"categories":[1],"tags":[],"class_list":["post-9189","post","type-post","status-publish","format-standard","hentry","category-general"],"_links":{"self":[{"href":"https:\/\/www.biblia.work\/noticias\/wp-json\/wp\/v2\/posts\/9189","targetHints":{"allow":["GET"]}}],"collection":[{"href":"https:\/\/www.biblia.work\/noticias\/wp-json\/wp\/v2\/posts"}],"about":[{"href":"https:\/\/www.biblia.work\/noticias\/wp-json\/wp\/v2\/types\/post"}],"author":[{"embeddable":true,"href":"https:\/\/www.biblia.work\/noticias\/wp-json\/wp\/v2\/users\/1"}],"replies":[{"embeddable":true,"href":"https:\/\/www.biblia.work\/noticias\/wp-json\/wp\/v2\/comments?post=9189"}],"version-history":[{"count":0,"href":"https:\/\/www.biblia.work\/noticias\/wp-json\/wp\/v2\/posts\/9189\/revisions"}],"wp:attachment":[{"href":"https:\/\/www.biblia.work\/noticias\/wp-json\/wp\/v2\/media?parent=9189"}],"wp:term":[{"taxonomy":"category","embeddable":true,"href":"https:\/\/www.biblia.work\/noticias\/wp-json\/wp\/v2\/categories?post=9189"},{"taxonomy":"post_tag","embeddable":true,"href":"https:\/\/www.biblia.work\/noticias\/wp-json\/wp\/v2\/tags?post=9189"}],"curies":[{"name":"wp","href":"https:\/\/api.w.org\/{rel}","templated":true}]}}