{"id":9193,"date":"2016-11-23T03:05:02","date_gmt":"2016-11-23T08:05:02","guid":{"rendered":"http:\/\/www.biblia.work\/noticias\/hoy-se-recuerda-al-beato-p-miguel-pro-martir-de-la-guerra-cristera-en-mexico\/"},"modified":"2016-11-23T03:05:02","modified_gmt":"2016-11-23T08:05:02","slug":"hoy-se-recuerda-al-beato-p-miguel-pro-martir-de-la-guerra-cristera-en-mexico","status":"publish","type":"post","link":"https:\/\/www.biblia.work\/noticias\/hoy-se-recuerda-al-beato-p-miguel-pro-martir-de-la-guerra-cristera-en-mexico\/","title":{"rendered":"Hoy se recuerda al Beato P. Miguel Pro, m\u00e1rtir de la Guerra Cristera en M\u00e9xico"},"content":{"rendered":"<p> REDACCI\u00d3N CENTRAL, 23 Nov. 16 (ACI).-<br \/>\n\tMiguel Agust&iacute;n Pro naci&oacute; en 1891, en Zacatecas, M&eacute;xico, en una familia acomodada. Creci&oacute; recorriendo las minas y compartiendo con los trabajadores. Ten&iacute;a un gran sentido del humor y talento para hacer caricaturas.<\/p>\n<p style=\"text-align: justify\">\n\tCuando sus dos hermanas entraron a la vida religiosa, su madre, al ver que Miguel se sinti&oacute; muy triste, lo invit&oacute; a un retiro y de all&iacute; sali&oacute; decidido a ser sacerdote jesuita.<\/p>\n<p style=\"text-align: justify\">\n\tA sus 20 a&ntilde;os ingres&oacute; al seminario y con el paso del tiempo, ante la situaci&oacute;n cada vez m&aacute;s dif&iacute;cil que viv&iacute;an los cat&oacute;licos, &eacute;l y sus compa&ntilde;eros fueron enviados a estudiar a California. Posteriormente partieron a Espa&ntilde;a y fue ordenado sacerdote en 1925.<\/p>\n<p style=\"text-align: justify\">\n\tCuando retorn&oacute; a M&eacute;xico, encontr&oacute; un pa&iacute;s devastado en el que los cristianos resist&iacute;an los abusos del gobierno. Entonces inici&oacute; un trabajo pastoral parecido al de la Iglesia primitiva.<\/p>\n<p style=\"text-align: justify\">\n\tOrganiz&oacute; estaciones ocultas de comuni&oacute;n, que los primeros viernes sobrepasaban los 1200. Se celebraban Misas y adoraciones Eucar&iacute;sticas secretas, en la que participaban ricos y pobres.<\/p>\n<p style=\"text-align: justify\">\n\tEl presidente Calles y la polic&iacute;a buscaban acabar con estas organizaciones. Arrestaban a los l&iacute;deres y practicantes cat&oacute;licos, los torturaban y mataban. Pero el P. Pro se las ingeniaba para escabullirse.<\/p>\n<p style=\"text-align: justify\">\n\tUn d&iacute;a, mientras la polic&iacute;a lo buscaba por las casas para matarlo, &eacute;l dictaba conferencias espirituales en un teatro a m&aacute;s de un centenar de muchachas del servicio y ninguna de ellas dijo d&oacute;nde estaba el presb&iacute;tero.<\/p>\n<p style=\"text-align: justify\">\n\tOtra ocasi&oacute;n, el P. Pro iba en un taxi y se dio cuenta que lo segu&iacute;an, entonces pidi&oacute; al taxista que siga avanzando, mientras &eacute;l disimuladamente se lanzaba a la calle. Luego se puso a caminar como borracho para despistar a las autoridades, quienes lo reconocieron cuando el Beato ya se les hab&iacute;a escapado.<\/p>\n<p style=\"text-align: justify\">\n\tEl P. Pro se convirti&oacute; en el l&iacute;der principal del movimiento, que ten&iacute;a como lema &ldquo;Viva Cristo Rey&rdquo;. Por ello, el Presidente Calles lo mand&oacute; a arrestar con acusaciones falsas. Finalmente, para evitar que se matara a cat&oacute;licos presos, el sacerdote se entreg&oacute;.<\/p>\n<p style=\"text-align: justify\">\n\tEl 23 de noviembre de 1927 le dijeron que expusiera su &uacute;ltimo deseo. El P. Pro neg&oacute; los cargos de complot que se le imputaban, pidi&oacute; unos momentos para rezar, se arrodill&oacute; y, entre otras cosas, dijo: Se&ntilde;or, T&uacute; sabes que soy inocente. Perdono de coraz&oacute;n a mis enemigos&quot;.&nbsp;<\/p>\n<p style=\"text-align: justify\">\n\tAntes de ser fusilado, extendi&oacute; los brazos en cruz con el Santo Rosario en una mano y el crucifijo en la otra. Luego grit&oacute;: &ldquo;&iexcl;Viva Cristo Rey!&rdquo; Le dispararon y cay&oacute; por tierra el cuerpo del valiente m&aacute;rtir de la guerra cristera. Fue beatificado por San Juan Pablo II en 1988.<\/p>\n<p style=\"text-align: justify\">\n\tM&aacute;s informaci&oacute;n en:&nbsp;https:\/\/www.aciprensa.com\/santos\/santo.php?id=352<\/p>\n","protected":false},"excerpt":{"rendered":"<p>REDACCI\u00d3N CENTRAL, 23 Nov. 16 (ACI).- Miguel Agust&iacute;n Pro naci&oacute; en 1891, en Zacatecas, M&eacute;xico, en una familia acomodada. Creci&oacute; recorriendo las minas y compartiendo con los trabajadores. Ten&iacute;a un gran sentido del humor y talento para hacer caricaturas. Cuando sus dos hermanas entraron a la vida religiosa, su madre, al ver que Miguel se &hellip; <a href=\"https:\/\/www.biblia.work\/noticias\/hoy-se-recuerda-al-beato-p-miguel-pro-martir-de-la-guerra-cristera-en-mexico\/\" class=\"more-link\">Continuar leyendo<span class=\"screen-reader-text\"> \u00abHoy se recuerda al Beato P. Miguel Pro, m\u00e1rtir de la Guerra Cristera en M\u00e9xico\u00bb<\/span><\/a><\/p>\n","protected":false},"author":1,"featured_media":0,"comment_status":"open","ping_status":"closed","sticky":false,"template":"","format":"standard","meta":{"footnotes":""},"categories":[1],"tags":[],"class_list":["post-9193","post","type-post","status-publish","format-standard","hentry","category-general"],"_links":{"self":[{"href":"https:\/\/www.biblia.work\/noticias\/wp-json\/wp\/v2\/posts\/9193","targetHints":{"allow":["GET"]}}],"collection":[{"href":"https:\/\/www.biblia.work\/noticias\/wp-json\/wp\/v2\/posts"}],"about":[{"href":"https:\/\/www.biblia.work\/noticias\/wp-json\/wp\/v2\/types\/post"}],"author":[{"embeddable":true,"href":"https:\/\/www.biblia.work\/noticias\/wp-json\/wp\/v2\/users\/1"}],"replies":[{"embeddable":true,"href":"https:\/\/www.biblia.work\/noticias\/wp-json\/wp\/v2\/comments?post=9193"}],"version-history":[{"count":0,"href":"https:\/\/www.biblia.work\/noticias\/wp-json\/wp\/v2\/posts\/9193\/revisions"}],"wp:attachment":[{"href":"https:\/\/www.biblia.work\/noticias\/wp-json\/wp\/v2\/media?parent=9193"}],"wp:term":[{"taxonomy":"category","embeddable":true,"href":"https:\/\/www.biblia.work\/noticias\/wp-json\/wp\/v2\/categories?post=9193"},{"taxonomy":"post_tag","embeddable":true,"href":"https:\/\/www.biblia.work\/noticias\/wp-json\/wp\/v2\/tags?post=9193"}],"curies":[{"name":"wp","href":"https:\/\/api.w.org\/{rel}","templated":true}]}}