{"id":9198,"date":"2016-11-23T05:15:03","date_gmt":"2016-11-23T10:15:03","guid":{"rendered":"http:\/\/www.biblia.work\/noticias\/el-papa-asegura-que-dar-buen-consejo-al-que-lo-necesita-es-un-verdadero-acto-de-amor\/"},"modified":"2016-11-23T05:15:03","modified_gmt":"2016-11-23T10:15:03","slug":"el-papa-asegura-que-dar-buen-consejo-al-que-lo-necesita-es-un-verdadero-acto-de-amor","status":"publish","type":"post","link":"https:\/\/www.biblia.work\/noticias\/el-papa-asegura-que-dar-buen-consejo-al-que-lo-necesita-es-un-verdadero-acto-de-amor\/","title":{"rendered":"El Papa asegura que \u201cdar buen consejo al que lo necesita\u201d es un verdadero \u201cacto de amor\u201d"},"content":{"rendered":"<p style=\"text-align: justify\"><span style=\"font-weight: 400\">(ZENIT &#8211; Ciudad del Vaticano).- El papa Francisco ha realizado la audiencia general de este mi\u00e9rcoles en el Aula Pablo VI, donde le ha recibido una gran multitud de fieles procedentes de todas las partes del mundo. A pesar de que el A\u00f1o Jubilar concluy\u00f3 el domingo pasado, esta semana ha decidido proseguir con las catequesis sobre la misericordia. En concreto, ha reflexionado sobre \u201caconsejar y ense\u00f1ar\u201d. <\/span><\/p>\n<p style=\"text-align: justify\"><span style=\"font-weight: 400\">De este modo, en el resumen hecho en espa\u00f1ol, el Santo Padre ha explicado que la <\/span><span style=\"font-weight: 400\">catequesis de hoy esta\u0301 dedicada a dos obras de misericordia muy relacionadas entre si\u0301: \u201cdar buen consejo al que lo necesita y ensen\u0303ar al que no sabe\u201d. La falta de instruccio\u0301n &#8211;ha advertido&#8211; es una grave injusticia que atenta contra la dignidad de las personas. Asimismo, ha observado cua\u0301ntas personas y sobre todo nin\u0303os, a causa del analfabetismo, \u201ccaen vi\u0301ctimas de la explotacio\u0301n y de otras lacras sociales\u201d. <\/span><\/p>\n<p style=\"text-align: justify\"><span style=\"font-weight: 400\">Por esa raz\u00f3n, el Pont\u00edfice ha subrayado que \u201cla Iglesia ha sentido siempre la necesidad de comprometerse en el campo de la ensen\u0303anza para cumplir su misio\u0301n de evangelizacio\u0301n\u201d. Adem\u00e1s, ha recordado que muchos santos han consagrado su vida a la educacio\u0301n de los ma\u0301s desfavorecidos, \u201csabiendo que ese es el camino para superar la miseria y la discriminacio\u0301n\u201d.<\/span><\/p>\n<p style=\"text-align: justify\"><span style=\"font-weight: 400\">El Santo Padre ha aseverado que <\/span><span style=\"font-weight: 400\">\u201cdar buen consejo al que lo necesita\u201d es un verdadero \u201cacto de amor\u201d hacia las personas que esta\u0301n \u201cdesorientadas o tienen dudas\u201d. Recordando que todos podemos tener en algu\u0301n momento dudas sobre la fe, ha indicado \u201cla escucha de la Palabra de Dios y la catequesis nos ayudan a superar esas dudas\u201d. Pero &#8211;ha recordado&#8211; adema\u0301s es importante concretar la fe en nuestra vida, para que no se convierta en algo teo\u0301rico y abstracto. \u201cCuando practicamos la fe, sirviendo a los hermanos y especialmente a los ma\u0301s necesitados, entonces muchas dudas desaparecen porque sentimos la presencia de Dios que nos ama\u201d, ha afirmado el Pont\u00edfice. <\/span><\/p>\n<p style=\"text-align: justify\"><span style=\"font-weight: 400\">A continuaci\u00f3n, ha saludo cordialmente a los peregrinos de lengua espan\u0303ola. As\u00ed, les ha exhortado a pedir a la Virgen Mari\u0301a \u201cque nos ayude a tener un corazo\u0301n atento a las necesidades de las personas que nos rodean\u201d, para que tambie\u0301n ellas \u201cpuedan experimentar el amor que Dios les tiene\u201d. <\/span><\/p>\n<p style=\"text-align: justify\"><span style=\"font-weight: 400\">Despu\u00e9s del resumen de la catequesis en las distintas lenguas, el Santo Padre, como es habitual, ha dirigido unas palabras a los j\u00f3venes, los enfermos y los reci\u00e9n casados. A ellos ha recordado que el domingo pasado concluy\u00f3 el Jubileo Extraordinario. \u201c<\/span> <span style=\"font-weight: 400\">Pero no se ha cerrado el coraz\u00f3n de Dios para nosotros pecadores, que no cesar\u00e1 de inundarnos con su gracia\u201d, ha asegurado. Del mismo modo ha pedido que \u201cno se cierren nunca nuestros corazones\u201d y \u201cno dejemos de cumplir nunca las obras de misericordia corporales y espirituales\u201d. <\/span><\/p>\n<p style=\"text-align: justify\"><span style=\"font-weight: 400\">La experiencia del amor y del perd\u00f3n de Dios que hemos vivido en este A\u00f1o Santo &#8211;ha concluido&#8211; permanezca en nosotros como inspiraci\u00f3n permanente a la caridad hacia los hermanos. <\/span><\/p>\n<p><span class=\"et_bloom_bottom_trigger\"><\/span><\/p>\n<p><a href=\"https:\/\/es.zenit.org\/\" target=\"_blank\" rel=\"nofollow\">Fuente: es.zenit.org<\/a><\/p>\n","protected":false},"excerpt":{"rendered":"<p>(ZENIT &#8211; Ciudad del Vaticano).- El papa Francisco ha realizado la audiencia general de este mi\u00e9rcoles en el Aula Pablo VI, donde le ha recibido una gran multitud de fieles procedentes de todas las partes del mundo. A pesar de que el A\u00f1o Jubilar concluy\u00f3 el domingo pasado, esta semana ha decidido proseguir con las &hellip; <a href=\"https:\/\/www.biblia.work\/noticias\/el-papa-asegura-que-dar-buen-consejo-al-que-lo-necesita-es-un-verdadero-acto-de-amor\/\" class=\"more-link\">Continuar leyendo<span class=\"screen-reader-text\"> \u00abEl Papa asegura que \u201cdar buen consejo al que lo necesita\u201d es un verdadero \u201cacto de amor\u201d\u00bb<\/span><\/a><\/p>\n","protected":false},"author":1,"featured_media":0,"comment_status":"open","ping_status":"closed","sticky":false,"template":"","format":"standard","meta":{"footnotes":""},"categories":[1],"tags":[],"class_list":["post-9198","post","type-post","status-publish","format-standard","hentry","category-general"],"_links":{"self":[{"href":"https:\/\/www.biblia.work\/noticias\/wp-json\/wp\/v2\/posts\/9198","targetHints":{"allow":["GET"]}}],"collection":[{"href":"https:\/\/www.biblia.work\/noticias\/wp-json\/wp\/v2\/posts"}],"about":[{"href":"https:\/\/www.biblia.work\/noticias\/wp-json\/wp\/v2\/types\/post"}],"author":[{"embeddable":true,"href":"https:\/\/www.biblia.work\/noticias\/wp-json\/wp\/v2\/users\/1"}],"replies":[{"embeddable":true,"href":"https:\/\/www.biblia.work\/noticias\/wp-json\/wp\/v2\/comments?post=9198"}],"version-history":[{"count":0,"href":"https:\/\/www.biblia.work\/noticias\/wp-json\/wp\/v2\/posts\/9198\/revisions"}],"wp:attachment":[{"href":"https:\/\/www.biblia.work\/noticias\/wp-json\/wp\/v2\/media?parent=9198"}],"wp:term":[{"taxonomy":"category","embeddable":true,"href":"https:\/\/www.biblia.work\/noticias\/wp-json\/wp\/v2\/categories?post=9198"},{"taxonomy":"post_tag","embeddable":true,"href":"https:\/\/www.biblia.work\/noticias\/wp-json\/wp\/v2\/tags?post=9198"}],"curies":[{"name":"wp","href":"https:\/\/api.w.org\/{rel}","templated":true}]}}