{"id":9206,"date":"2016-11-23T08:05:03","date_gmt":"2016-11-23T13:05:03","guid":{"rendered":"http:\/\/www.biblia.work\/noticias\/oraciones-por-centroamerica-huracan-otto-deja-varios-muertos-e-innumerables-destrozos\/"},"modified":"2016-11-23T08:05:03","modified_gmt":"2016-11-23T13:05:03","slug":"oraciones-por-centroamerica-huracan-otto-deja-varios-muertos-e-innumerables-destrozos","status":"publish","type":"post","link":"https:\/\/www.biblia.work\/noticias\/oraciones-por-centroamerica-huracan-otto-deja-varios-muertos-e-innumerables-destrozos\/","title":{"rendered":"Oraciones por Centroam\u00e9rica: Hurac\u00e1n Otto deja varios muertos e innumerables destrozos"},"content":{"rendered":"<p> PANAM\u00c1, 23 Nov. 16 (ACI).-<br \/>\n\tEl Arzobispo de Panam&aacute;, Mons. Jos&eacute; Domingo Ulloa, expres&oacute; su cercan&iacute;a y elev&oacute; sus oraciones por los fallecidos e innumerables destrozos que dej&oacute; el hurac&aacute;n Otto a su paso.<\/p>\n<p style=\"text-align: justify\">\n\t\t#Otto is the latest #hurricane formation on record in the Caribbean Sea, eclipsing the record of Martha 1969. More: https:\/\/t.co\/tW4KeGdBFb pic.twitter.com\/121ZETjpAf<\/p>\n<p>\t&mdash; NHC Atlantic Ops (@NHC_Atlantic) 22 de noviembre de 2016<\/p>\n<p style=\"text-align: justify\">\n\tActualmente la tormenta ha alcanzado el grado de hurac&aacute;n de categor&iacute;a 1, ya ha afectado tambi&eacute;n Costa Rica y se prev&eacute; que llegue a Nicaragua.<\/p>\n<p style=\"text-align: justify\">\n\tLas autoridades de los tres pa&iacute;ses han declarado alerta m&aacute;xima para las zonas costeras del Caribe ante la previsi&oacute;n de que Otto alcance sus costas. Colombia tambi&eacute;n est&aacute; en alerta y ha decretado el cierre de las playas y la suspensi&oacute;n de los vuelos.<\/p>\n<p style=\"text-align: justify\">\n\tPor ahora se reportan 7 muertos, varios desaparecidos y numerosos da&ntilde;os, as&iacute; como peligrosos deslizamientos de tierra en Panam&aacute;.<\/p>\n<p style=\"text-align: justify\">\n\tUna de las v&iacute;ctimas era un adolescente que falleci&oacute; al caerse un &aacute;rbol encima del coche en el que se encontraba. No se descarta que este n&uacute;mero aumente.<\/p>\n<p style=\"text-align: justify\">\n\tSeg&uacute;n informa Efe, actualmente en Costa Rica hay 135 poblaciones afectadas por el hurac&aacute;n y m&aacute;s de 600 personas han tenido que ser evacuadas de sus casas por el peligro.<\/p>\n<p style=\"text-align: justify\">\n\tEl Arzobispo de Panam&aacute;, Mons. Jos&eacute; Domingo Ulloa, manifest&oacute; a trav&eacute;s de Facebook su cercan&iacute;a con las v&iacute;ctimas y con el pueblo paname&ntilde;o y pidi&oacute; oraciones por todos ellos.<\/p>\n<p style=\"text-align: justify\">\n\t&ldquo;Oramos por los fallecidos y sus familiares, teniendo presente que Jesucristo nos ha ganado la salvaci&oacute;n eterna&rdquo;, precis&oacute; a trav&eacute;s de la red social;<\/p>\n<p style=\"text-align: justify\">\n\tEl Prelado exhort&oacute; a que la poblaci&oacute;n &ldquo;tome las precauciones recomendadas por las autoridades y que unidos en la oraci&oacute;n pidamos que en estos momentos de angustia, nos de la serenidad y la esperanza&rdquo;.<\/p>\n<p style=\"text-align: justify\">\n\tEl hurac&aacute;n Otto es el s&eacute;ptimo cicl&oacute;n de la actual temporada en el Atl&aacute;ntico y el que m&aacute;s tarde se ha formado en el mar Caribe, superando solo al hurac&aacute;n Martha que se form&oacute; en 21 de noviembre de 1969.<\/p>\n<p style=\"text-align: justify\">\n\tLas redes sociales tambi&eacute;n se han movilizado pidiendo oraciones para los millones de afectados por el hurac&aacute;n Otto, que es el primero que alcanza Panam&aacute; desde 1851.<\/p>\n<p style=\"text-align: justify\">\n\t\tDios protege a mi pa&iacute;s????????? #PrayForPanama pic.twitter.com\/jthW5qLBeH<\/p>\n<p>\t&mdash; Vanessa Algandona (@vanneach) 22 de noviembre de 2016<\/p>\n<p style=\"text-align: justify\">\n\t&nbsp;<\/p>\n<p style=\"text-align: justify\">\n\t\tEstamos agarrados los 3 de las manos y asi quedaremos.#huracanotto #fuerzacentroamerica pic.twitter.com\/W70HLDkApV<\/p>\n<p>\t&mdash; Daniel Rodriguez (@danielr26631612) 23 de noviembre de 2016<\/p>\n<p style=\"text-align: justify\">\n\tTambi&eacute;n te puede interesar:&nbsp;<\/p>\n<p style=\"text-align: justify\">\n\t\tArquidi&oacute;cesis de Miami propone esta oraci&oacute;n ante paso del hurac&aacute;n Matthew https:\/\/t.co\/dJK1TXaoCt<\/p>\n<p>\t&mdash; ACI Prensa (@aciprensa) 6 de octubre de 2016<\/p>\n","protected":false},"excerpt":{"rendered":"<p>PANAM\u00c1, 23 Nov. 16 (ACI).- El Arzobispo de Panam&aacute;, Mons. Jos&eacute; Domingo Ulloa, expres&oacute; su cercan&iacute;a y elev&oacute; sus oraciones por los fallecidos e innumerables destrozos que dej&oacute; el hurac&aacute;n Otto a su paso. #Otto is the latest #hurricane formation on record in the Caribbean Sea, eclipsing the record of Martha 1969. More: https:\/\/t.co\/tW4KeGdBFb pic.twitter.com\/121ZETjpAf &hellip; <a href=\"https:\/\/www.biblia.work\/noticias\/oraciones-por-centroamerica-huracan-otto-deja-varios-muertos-e-innumerables-destrozos\/\" class=\"more-link\">Continuar leyendo<span class=\"screen-reader-text\"> \u00abOraciones por Centroam\u00e9rica: Hurac\u00e1n Otto deja varios muertos e innumerables destrozos\u00bb<\/span><\/a><\/p>\n","protected":false},"author":1,"featured_media":0,"comment_status":"open","ping_status":"closed","sticky":false,"template":"","format":"standard","meta":{"footnotes":""},"categories":[1],"tags":[],"class_list":["post-9206","post","type-post","status-publish","format-standard","hentry","category-general"],"_links":{"self":[{"href":"https:\/\/www.biblia.work\/noticias\/wp-json\/wp\/v2\/posts\/9206","targetHints":{"allow":["GET"]}}],"collection":[{"href":"https:\/\/www.biblia.work\/noticias\/wp-json\/wp\/v2\/posts"}],"about":[{"href":"https:\/\/www.biblia.work\/noticias\/wp-json\/wp\/v2\/types\/post"}],"author":[{"embeddable":true,"href":"https:\/\/www.biblia.work\/noticias\/wp-json\/wp\/v2\/users\/1"}],"replies":[{"embeddable":true,"href":"https:\/\/www.biblia.work\/noticias\/wp-json\/wp\/v2\/comments?post=9206"}],"version-history":[{"count":0,"href":"https:\/\/www.biblia.work\/noticias\/wp-json\/wp\/v2\/posts\/9206\/revisions"}],"wp:attachment":[{"href":"https:\/\/www.biblia.work\/noticias\/wp-json\/wp\/v2\/media?parent=9206"}],"wp:term":[{"taxonomy":"category","embeddable":true,"href":"https:\/\/www.biblia.work\/noticias\/wp-json\/wp\/v2\/categories?post=9206"},{"taxonomy":"post_tag","embeddable":true,"href":"https:\/\/www.biblia.work\/noticias\/wp-json\/wp\/v2\/tags?post=9206"}],"curies":[{"name":"wp","href":"https:\/\/api.w.org\/{rel}","templated":true}]}}