{"id":9210,"date":"2016-11-23T09:15:02","date_gmt":"2016-11-23T14:15:02","guid":{"rendered":"http:\/\/www.biblia.work\/noticias\/el-sinodo-de-los-obispos-prepara-un-cuestionario-para-la-asamblea-de-2018\/"},"modified":"2016-11-23T09:15:02","modified_gmt":"2016-11-23T14:15:02","slug":"el-sinodo-de-los-obispos-prepara-un-cuestionario-para-la-asamblea-de-2018","status":"publish","type":"post","link":"https:\/\/www.biblia.work\/noticias\/el-sinodo-de-los-obispos-prepara-un-cuestionario-para-la-asamblea-de-2018\/","title":{"rendered":"El S\u00ednodo de los Obispos prepara un cuestionario para la Asamblea de 2018"},"content":{"rendered":"<p style=\"text-align: justify\"><span style=\"font-weight: 400\">(ZENIT &#8211; Ciudad del Vaticano).- La Secretar\u00eda General del S\u00ednodo de los Obispos ha celebrado esta semana una reuni\u00f3n en el Vaticano, el lunes y martes, presidida por el Santo Padre. <\/span><span style=\"font-weight: 400\">El trabajo &#8211;informa la sala de prensa de la Santa Sede&#8211; comenz\u00f3 con la intervenci\u00f3n del secretario general, el cardenal Lorenzo Baldisseri. El purpurado fue el encargado de dar\u00a0las gracias al Santo Padre por su presencia y felicitar a los nuevos purpurados presentes en la reuni\u00f3n. Se trata de los cardenales Se\u0301rgio Da Rocha y Carlos Osoro Sierra.<\/span><\/p>\n<p style=\"text-align: justify\"><span style=\"font-weight: 400\">Adem\u00e1s, participaron tambi\u00e9n en el encuentro los prefectos de los tres dicasterios de la Curia Romana, por su competencias respecto al argumento del pr\u00f3ximo s\u00ednodo: el cardenal Joa\u0303o Braz de Aviz, prefecto de la Congregaci\u00f3n para los Institutos de Vida Consagrada y las sociedades de Vida Apost\u00f3lica; el cardenal Beniamino Stella, prefecto de la Congregaci\u00f3n para el Clero; y Kevin Farrell, prefecto del dicasterio para los Laicos, Familia y la Vida. <\/span><\/p>\n<p style=\"text-align: justify\"><span style=\"font-weight: 400\">Sucesivamente, se examin\u00f3 el proyecto del <\/span><i><span style=\"font-weight: 400\">Documento preparatorio <\/span><\/i><span style=\"font-weight: 400\">para la XV Asamblea General Ordinaria, elaborado por la Secretar\u00eda General con la ayuda de los expertos competentes en el tema sinodal: \u201c<\/span><i><span style=\"font-weight: 400\">Los j\u00f3venes, la fe y el discernimiento vocacional<\/span><\/i><span style=\"font-weight: 400\">\u201d. Al respecto, los miembros del consejo \u201chan manifestado su aprecio por el proyecto del documento y ofrecido sus sugerencias para mejorarlo\u201d, indica el comunicado de prensa. <\/span><\/p>\n<p style=\"text-align: justify\"><span style=\"font-weight: 400\">El documento, que incluye un cuestionario, est\u00e1 destinado a las Conferencias Episcopales, a los S\u00ednodos de las Iglesias Cat\u00f3licas Orientales <\/span><i><span style=\"font-weight: 400\">sui iuris <\/span><\/i><span style=\"font-weight: 400\">y a otros Organismos de derecho, para que sean transmitidos a las di\u00f3cesis y a otras instituciones eclesiales.<\/span><\/p>\n<p style=\"text-align: justify\"><span style=\"font-weight: 400\">Adem\u00e1s, los miembros del consejo se reunieron\u00a0en c\u00edrculos menores divididos por continentes con el fin de formular algunas preguntas espec\u00edficas sobre los j\u00f3venes en los distintos contextos geogr\u00e1fico-culturales. Para concluir, \u201clas propuestas sobre el texto y el cuestionario han sido recogidas e incluidas en el documento base, que fue aprobado un\u00e1nimemente\u201d. <\/span><\/p>\n<p style=\"text-align: justify\"><span style=\"font-weight: 400\">Finalmente, los miembros del Consejo comentaron la revisi\u00f3n del <\/span><i><span style=\"font-weight: 400\">Ordo Synodi Episcoporum. <\/span><\/i><span style=\"font-weight: 400\">Al respecto, monse\u00f1or Fabio Fabene, subsecretario del S\u00ednodo de los Obispos, habl\u00f3 sobre el trabajo que la Secretar\u00eda General est\u00e1 desarrollando con la ayuda de expertos, en vista a la revisi\u00f3n de la normativa sinodal, a lo que sigui\u00f3 un \u201cfruct\u00edfero intercambio de opiniones\u201d. <\/span><\/p>\n<p style=\"text-align: justify\"><span style=\"font-weight: 400\">\u00a0<\/span><\/p>\n<p><span class=\"et_bloom_bottom_trigger\"><\/span><\/p>\n<p><a href=\"https:\/\/es.zenit.org\/\" target=\"_blank\" rel=\"nofollow\">Fuente: es.zenit.org<\/a><\/p>\n","protected":false},"excerpt":{"rendered":"<p>(ZENIT &#8211; Ciudad del Vaticano).- La Secretar\u00eda General del S\u00ednodo de los Obispos ha celebrado esta semana una reuni\u00f3n en el Vaticano, el lunes y martes, presidida por el Santo Padre. El trabajo &#8211;informa la sala de prensa de la Santa Sede&#8211; comenz\u00f3 con la intervenci\u00f3n del secretario general, el cardenal Lorenzo Baldisseri. El purpurado &hellip; <a href=\"https:\/\/www.biblia.work\/noticias\/el-sinodo-de-los-obispos-prepara-un-cuestionario-para-la-asamblea-de-2018\/\" class=\"more-link\">Continuar leyendo<span class=\"screen-reader-text\"> \u00abEl S\u00ednodo de los Obispos prepara un cuestionario para la Asamblea de 2018\u00bb<\/span><\/a><\/p>\n","protected":false},"author":1,"featured_media":0,"comment_status":"open","ping_status":"closed","sticky":false,"template":"","format":"standard","meta":{"footnotes":""},"categories":[1],"tags":[],"class_list":["post-9210","post","type-post","status-publish","format-standard","hentry","category-general"],"_links":{"self":[{"href":"https:\/\/www.biblia.work\/noticias\/wp-json\/wp\/v2\/posts\/9210","targetHints":{"allow":["GET"]}}],"collection":[{"href":"https:\/\/www.biblia.work\/noticias\/wp-json\/wp\/v2\/posts"}],"about":[{"href":"https:\/\/www.biblia.work\/noticias\/wp-json\/wp\/v2\/types\/post"}],"author":[{"embeddable":true,"href":"https:\/\/www.biblia.work\/noticias\/wp-json\/wp\/v2\/users\/1"}],"replies":[{"embeddable":true,"href":"https:\/\/www.biblia.work\/noticias\/wp-json\/wp\/v2\/comments?post=9210"}],"version-history":[{"count":0,"href":"https:\/\/www.biblia.work\/noticias\/wp-json\/wp\/v2\/posts\/9210\/revisions"}],"wp:attachment":[{"href":"https:\/\/www.biblia.work\/noticias\/wp-json\/wp\/v2\/media?parent=9210"}],"wp:term":[{"taxonomy":"category","embeddable":true,"href":"https:\/\/www.biblia.work\/noticias\/wp-json\/wp\/v2\/categories?post=9210"},{"taxonomy":"post_tag","embeddable":true,"href":"https:\/\/www.biblia.work\/noticias\/wp-json\/wp\/v2\/tags?post=9210"}],"curies":[{"name":"wp","href":"https:\/\/api.w.org\/{rel}","templated":true}]}}