{"id":9215,"date":"2016-11-23T11:15:02","date_gmt":"2016-11-23T16:15:02","guid":{"rendered":"http:\/\/www.biblia.work\/noticias\/francisco-felicita-al-patriarca-kirill-por-su-70-cumpleanos\/"},"modified":"2016-11-23T11:15:02","modified_gmt":"2016-11-23T16:15:02","slug":"francisco-felicita-al-patriarca-kirill-por-su-70-cumpleanos","status":"publish","type":"post","link":"https:\/\/www.biblia.work\/noticias\/francisco-felicita-al-patriarca-kirill-por-su-70-cumpleanos\/","title":{"rendered":"Francisco felicita al patriarca Kirill por su 70 cumplea\u00f1os"},"content":{"rendered":"<p style=\"text-align: justify\">(ZENIT &#8211; Ciudad del Vaticano).- \u00a0El papa Francisco ha enviado\u00a0al patriarca Kirill una felicitaci\u00f3n por su 70\u00ba cumplea\u00f1os, en la que adem\u00e1s le asegura sus\u00a0oraciones. Las celebraciones del\u00a0jefe de la Iglesia rusa, concluyeron ayer despu\u00e9s de tres d\u00edas de diversos encuentros.<\/p>\n<p style=\"text-align: justify\">El mensaje del Papa &#8211;difundido en italiano por el Patriarcado de Mosc\u00fa&#8211; fue entregado ayer por el cardenal Kurt Koch, presidente del Pontificio Consejo para la Promoci\u00f3n de la Unidad de los Cristianos, durante un encuentro en la residencia del patriarca en el monasterio Danilovsky, en Mosc\u00fa. As\u00ed, el Pont\u00edfice da las gracias al Se\u00f1or \u201cpor su generosa bendici\u00f3n\u201d y por el don de su \u201cvida&#8221; y &#8220;del ministerio del Pastor de la Iglesia ortodoxa rusa\u201d. De este modo, el Santo Padre da las gracias tambi\u00e9n por su \u201ccontribuci\u00f3n personal al acercamiento entre nuestras Iglesias\u201d y asegura que recuerda con \u201cgran calor\u201d nuestro encuentro.<br \/>\nAdem\u00e1s, el papa Francisco le ha enviado como regalo una reliquia de san Francisco de As\u00eds. Dando las gracias una vez m\u00e1s por la reliquia de san Seraf\u00edn de Sarov &#8211;escribe el Pont\u00edfice&#8211; me complace regalarle una reliquia de san Francisco de As\u00eds, mi protector celeste. Al respecto indica en la carta que \u201cestos dos santos maravillosos interceden por nosotros ante Dios para que trabajemos de forma m\u00e1s confiada para obtener la paz y la unidad completa. Por esto reza Jes\u00fas\u201d.<br \/>\nEn el encuentro han participado por parte de la Iglesia ortodoxa rusa: il presidente del Departamento para las relaciones eclesi\u00e1sticas externas, el metropolita Hilarion de Volokolamsk; el rector de la Academia teol\u00f3gica de san Petersburgo, el arzobispo Amvrosij de Peterhof; el vicepresidente del Decr archimandrita Filaret (Bulekov) y el colaborador del Decr, sacerdote Aleksej Dikarev. Representado a la Iglesia cat\u00f3lica estaban presentes el nuncio apost\u00f3lico ante la Federaci\u00f3n Rusa, el arzobispo Celestino Migliore, y el responsable de la secci\u00f3n oriental del Pontificio Consejo para la Promoci\u00f3n de la Unidad de los Cristianos, monse\u00f1or Hyacinthe Destivelle. Por ello, el patriarca les expres\u00f3 su gratitud por participar en la celebraci\u00f3n de su cumplea\u00f1os. \u201cLo interpreto como un buen gesto por parte de la Iglesia cat\u00f3lica romana y como una oportunidad para un intercambio de opiniones con vosotros sobre la agenda com\u00fan\u201d, indic\u00f3.<br \/>\nDurante el encuentro, informa AsiaNews, Kirill renov\u00f3 su deseo para una ulterior colaboraci\u00f3n con la Santa Sede para llevar la paz a Siria. \u201cContinuaremos trabajando con la Iglesia cat\u00f3lica de Roma, con sus representantes, para hacer todo lo posible para poner fin al sufrimiento de las personas y devolver a la gente una vida tranquila\u201d, indic\u00f3 el patriarca. Asimismo, manifest\u00f3 su deseo de que la guerra termine y que se plantee pronto la cuesti\u00f3n de la reconstrucci\u00f3n de Siria. Al mismo tiempo subray\u00f3 que para los cristianos \u201ces importante tambi\u00e9n que se reconstruyan las iglesias y que la gente pueda volver a su vida religiosa normal\u201d.<\/p>\n<p><span class=\"et_bloom_bottom_trigger\"><\/span><\/p>\n<p><a href=\"https:\/\/es.zenit.org\/\" target=\"_blank\" rel=\"nofollow\">Fuente: es.zenit.org<\/a><\/p>\n","protected":false},"excerpt":{"rendered":"<p>(ZENIT &#8211; Ciudad del Vaticano).- \u00a0El papa Francisco ha enviado\u00a0al patriarca Kirill una felicitaci\u00f3n por su 70\u00ba cumplea\u00f1os, en la que adem\u00e1s le asegura sus\u00a0oraciones. Las celebraciones del\u00a0jefe de la Iglesia rusa, concluyeron ayer despu\u00e9s de tres d\u00edas de diversos encuentros. El mensaje del Papa &#8211;difundido en italiano por el Patriarcado de Mosc\u00fa&#8211; fue entregado &hellip; <a href=\"https:\/\/www.biblia.work\/noticias\/francisco-felicita-al-patriarca-kirill-por-su-70-cumpleanos\/\" class=\"more-link\">Continuar leyendo<span class=\"screen-reader-text\"> \u00abFrancisco felicita al patriarca Kirill por su 70 cumplea\u00f1os\u00bb<\/span><\/a><\/p>\n","protected":false},"author":1,"featured_media":0,"comment_status":"open","ping_status":"closed","sticky":false,"template":"","format":"standard","meta":{"footnotes":""},"categories":[1],"tags":[],"class_list":["post-9215","post","type-post","status-publish","format-standard","hentry","category-general"],"_links":{"self":[{"href":"https:\/\/www.biblia.work\/noticias\/wp-json\/wp\/v2\/posts\/9215","targetHints":{"allow":["GET"]}}],"collection":[{"href":"https:\/\/www.biblia.work\/noticias\/wp-json\/wp\/v2\/posts"}],"about":[{"href":"https:\/\/www.biblia.work\/noticias\/wp-json\/wp\/v2\/types\/post"}],"author":[{"embeddable":true,"href":"https:\/\/www.biblia.work\/noticias\/wp-json\/wp\/v2\/users\/1"}],"replies":[{"embeddable":true,"href":"https:\/\/www.biblia.work\/noticias\/wp-json\/wp\/v2\/comments?post=9215"}],"version-history":[{"count":0,"href":"https:\/\/www.biblia.work\/noticias\/wp-json\/wp\/v2\/posts\/9215\/revisions"}],"wp:attachment":[{"href":"https:\/\/www.biblia.work\/noticias\/wp-json\/wp\/v2\/media?parent=9215"}],"wp:term":[{"taxonomy":"category","embeddable":true,"href":"https:\/\/www.biblia.work\/noticias\/wp-json\/wp\/v2\/categories?post=9215"},{"taxonomy":"post_tag","embeddable":true,"href":"https:\/\/www.biblia.work\/noticias\/wp-json\/wp\/v2\/tags?post=9215"}],"curies":[{"name":"wp","href":"https:\/\/api.w.org\/{rel}","templated":true}]}}