{"id":9218,"date":"2016-11-23T12:15:02","date_gmt":"2016-11-23T17:15:02","guid":{"rendered":"http:\/\/www.biblia.work\/noticias\/repensar-la-economia-de-los-institutos-de-vida-consagrada\/"},"modified":"2016-11-23T12:15:02","modified_gmt":"2016-11-23T17:15:02","slug":"repensar-la-economia-de-los-institutos-de-vida-consagrada","status":"publish","type":"post","link":"https:\/\/www.biblia.work\/noticias\/repensar-la-economia-de-los-institutos-de-vida-consagrada\/","title":{"rendered":"Repensar la econom\u00eda de los Institutos de Vida consagrada"},"content":{"rendered":"<p style=\"text-align: justify\"><b><\/b><span style=\"font-weight: 400\">(ZENIT &#8211; Roma).- Ser\u00e1n cerca de mil ec\u00f3nomos y ec\u00f3nomas generales los que se reunir\u00e1n en Roma del 25 al 27 de noviembre, para participar en el segundo Simposio internacional sobre econom\u00eda organizado por la Congregaci\u00f3n para los Institutos de Vida Consagrada y las Sociedades de Vida Apost\u00f3lica en la Pontificia Universidad <\/span><i><span style=\"font-weight: 400\">Antonianum.<\/span><\/i><\/p>\n<p style=\"text-align: justify\"><span style=\"font-weight: 400\">\u201cEn la fidelidad al carisma repensar la econom\u00eda de los Institutos de Vida Consagrada y las Sociedades de Vida Apost\u00f3lica\u201d: este es el tema del congreso, que contin\u00faa el recorrido de reflexi\u00f3n sobre la administraci\u00f3n de los bienes comenzado en el 2014. <\/span><\/p>\n<p style=\"text-align: justify\"><span style=\"font-weight: 400\">Despu\u00e9s del primer Simposio internacional, el dicasterio vaticano\u00a0hab\u00eda redactado un texto con las <\/span><i><span style=\"font-weight: 400\">L\u00edneas orientativas para la gesti\u00f3n de los bienes de los Institutos de Vida Consagrada y las Sociedades de Vida Apost\u00f3lica. <\/span><\/i><span style=\"font-weight: 400\">En el documento se lee: \u201cLa formaci\u00f3n en la dimensi\u00f3n econ\u00f3mica en l\u00ednea con el propio carisma es de fundamental importancia para que las elecciones en la misi\u00f3n puedan ser innovadoras y prof\u00e9ticas\u201d.<\/span><\/p>\n<p style=\"text-align: justify\"><span style=\"font-weight: 400\">Tres d\u00edas de reflexi\u00f3n, por tanto, pero tambi\u00e9n de debate y compartir, para responder cada vez mejor a las exigencias de un mundo que cambia y a las solicitudes del papa Francisco que ha deseado \u201cla racionalizaci\u00f3n de las estructuras, la reutilizaci\u00f3n de las grandes casas a favor de obras que respondan m\u00e1s a las actuales exigencias de la evangelizaci\u00f3n y de la caridad, la educaci\u00f3n de las obras a las nuevas necesidades\u201d. <\/span><\/p>\n<p><span class=\"et_bloom_bottom_trigger\"><\/span><\/p>\n<p><a href=\"https:\/\/es.zenit.org\/\" target=\"_blank\" rel=\"nofollow\">Fuente: es.zenit.org<\/a><\/p>\n","protected":false},"excerpt":{"rendered":"<p>(ZENIT &#8211; Roma).- Ser\u00e1n cerca de mil ec\u00f3nomos y ec\u00f3nomas generales los que se reunir\u00e1n en Roma del 25 al 27 de noviembre, para participar en el segundo Simposio internacional sobre econom\u00eda organizado por la Congregaci\u00f3n para los Institutos de Vida Consagrada y las Sociedades de Vida Apost\u00f3lica en la Pontificia Universidad Antonianum. \u201cEn la &hellip; <a href=\"https:\/\/www.biblia.work\/noticias\/repensar-la-economia-de-los-institutos-de-vida-consagrada\/\" class=\"more-link\">Continuar leyendo<span class=\"screen-reader-text\"> \u00abRepensar la econom\u00eda de los Institutos de Vida consagrada\u00bb<\/span><\/a><\/p>\n","protected":false},"author":1,"featured_media":0,"comment_status":"open","ping_status":"closed","sticky":false,"template":"","format":"standard","meta":{"footnotes":""},"categories":[1],"tags":[],"class_list":["post-9218","post","type-post","status-publish","format-standard","hentry","category-general"],"_links":{"self":[{"href":"https:\/\/www.biblia.work\/noticias\/wp-json\/wp\/v2\/posts\/9218","targetHints":{"allow":["GET"]}}],"collection":[{"href":"https:\/\/www.biblia.work\/noticias\/wp-json\/wp\/v2\/posts"}],"about":[{"href":"https:\/\/www.biblia.work\/noticias\/wp-json\/wp\/v2\/types\/post"}],"author":[{"embeddable":true,"href":"https:\/\/www.biblia.work\/noticias\/wp-json\/wp\/v2\/users\/1"}],"replies":[{"embeddable":true,"href":"https:\/\/www.biblia.work\/noticias\/wp-json\/wp\/v2\/comments?post=9218"}],"version-history":[{"count":0,"href":"https:\/\/www.biblia.work\/noticias\/wp-json\/wp\/v2\/posts\/9218\/revisions"}],"wp:attachment":[{"href":"https:\/\/www.biblia.work\/noticias\/wp-json\/wp\/v2\/media?parent=9218"}],"wp:term":[{"taxonomy":"category","embeddable":true,"href":"https:\/\/www.biblia.work\/noticias\/wp-json\/wp\/v2\/categories?post=9218"},{"taxonomy":"post_tag","embeddable":true,"href":"https:\/\/www.biblia.work\/noticias\/wp-json\/wp\/v2\/tags?post=9218"}],"curies":[{"name":"wp","href":"https:\/\/api.w.org\/{rel}","templated":true}]}}