{"id":9236,"date":"2016-11-23T20:05:02","date_gmt":"2016-11-24T01:05:02","guid":{"rendered":"http:\/\/www.biblia.work\/noticias\/vaticano-prosigue-preparacion-para-sinodo-de-los-obispos-sobre-jovenes\/"},"modified":"2016-11-23T20:05:02","modified_gmt":"2016-11-24T01:05:02","slug":"vaticano-prosigue-preparacion-para-sinodo-de-los-obispos-sobre-jovenes","status":"publish","type":"post","link":"https:\/\/www.biblia.work\/noticias\/vaticano-prosigue-preparacion-para-sinodo-de-los-obispos-sobre-jovenes\/","title":{"rendered":"Vaticano: Prosigue preparaci\u00f3n para S\u00ednodo de los Obispos sobre j\u00f3venes"},"content":{"rendered":"<p> ROMA, 23 Nov. 16 (ACI).-<br \/>\n\tLa preparaci&oacute;n de la 15&deg; Asamblea General Ordinaria del S&iacute;nodo de los Obispos sobre &ldquo;Los j&oacute;venes, la fe y el discernimiento vocacional&rdquo;, que tendr&aacute; lugar en el a&ntilde;o 2018, prosigue su camino con la segunda reuni&oacute;n del XIV Consejo Ordinario de la Secretar&iacute;a General del S&iacute;nodo de los Obispos.<\/p>\n<p style=\"text-align: justify\">\n\tEl Papa Francisco presidi&oacute; la reuni&oacute;n, en la que tambi&eacute;n estuvieron presentes algunos de los nuevos cardenales creados en el consistorio del pasado s&aacute;bado, entre ellos, el Cardenal S&eacute;rgio Da Rocha y el Cardenal Carlos Osoro Sierra.<\/p>\n<p style=\"text-align: justify\">\n\tLas jornadas de trabajo comenzaron con el saludo del Cardenal Lorenzo Baldisseri, Secretario General del S&iacute;nodo de los Obispos, que agradeci&oacute; al Santo Padre su presencia y dedic&oacute; sus mejores deseos a los nuevos cardenales presentes en la reuni&oacute;n.<\/p>\n<p style=\"text-align: justify\">\n\tEn la reuni&oacute;n se examin&oacute; el proyecto del Documento preparatorio de la XV Asamblea General Ordinaria, elaborado por la Secretar&iacute;a General con la ayuda de expertos competentes. Con este objetivo, los miembros del consejo han manifestado su opini&oacute;n sobre el proyecto de documento y han ofrecido sus sugerencias para mejorarlo.<\/p>\n<p style=\"text-align: justify\">\n\tEl documento, que incluye un cuestionario, est&aacute; destinado a las Conferencias Episcopales, a los S&iacute;nodos de las Iglesias Cat&oacute;licas Orientales sui iuris, y a los dem&aacute;s Organismos de derecho, con el fin de que se transmita a las Di&oacute;cesis y a las dem&aacute;s instituciones eclesiales. Los miembros del Consejo se reunieron en c&iacute;rculos m&aacute;s peque&ntilde;os organizados por continentes con el fin de plantear algunas demandas espec&iacute;ficas sobre los j&oacute;venes en sus diferentes contextos geogr&aacute;fico-culturales.<\/p>\n<p style=\"text-align: justify\">\n\tPor &uacute;ltimo, se recogieron las propuestas sobre la redacci&oacute;n del texto y del cuestionario, y se incluyeron en un documento base, que fue aprobado por unanimidad.<\/p>\n<p style=\"text-align: justify\">\n\tFinalmente, los miembros del Consejo debatieron sobre la revisi&oacute;n del Orden del S&iacute;nodo de los Obispos.<\/p>\n<p style=\"text-align: justify\">\n\tEn este sentido, Mons. Fabio Fabene, Subsecretario del S&iacute;nodo de los Obispos, realiz&oacute; una presentaci&oacute;n sobre el trabajo que la Secretar&iacute;a General est&aacute; haciendo con la ayuda de expertos, en vista de la revisi&oacute;n de la legislaci&oacute;n sinodal, a la que sigui&oacute; un fruct&iacute;fero intercambio de puntos de vista.<\/p>\n<p style=\"text-align: justify\">\n\tEn el encuentro participaron los Prefectos de tres Dicasterios de la Curia Romana invitados en raz&oacute;n de su competencia en el tema sinodal: el Cardenal Jo&atilde;o Braz de Aviz, Prefecto de la Congregaci&oacute;n para los Institutos de Vida Consagrada y la Sociedad de Vida Apost&oacute;lica; el Cardenal Beniamino Stella, Prefecto de la Congregaci&oacute;n para el Clero; y el Cardenal Kevin Farrell, Prefecto del Dicasterio para los Laicos, la Familia y la Vida. &nbsp;<\/p>\n<p style=\"text-align: justify\">\n\tTras la conclusi&oacute;n del trabajo, el Santo Padre agradeci&oacute; a los Miembros del Consejo y a los dem&aacute;s participantes por su contribuci&oacute;n y por el esp&iacute;ritu de comuni&oacute;n fraterna en el curso de la reuni&oacute;n.<\/p>\n<p style=\"text-align: justify\">\n\tTambi&eacute;n te puede interesar:<\/p>\n<p style=\"text-align: justify\">\n\t\tSeis hechos que dieron que hablar en el S&iacute;nodo de la Familia https:\/\/t.co\/jVC995Gdxy<\/p>\n<p>\t&mdash; ACI Prensa (@aciprensa) 23 de octubre de 2015<\/p>\n<p style=\"text-align: justify\">\n\t&nbsp;<\/p>\n","protected":false},"excerpt":{"rendered":"<p>ROMA, 23 Nov. 16 (ACI).- La preparaci&oacute;n de la 15&deg; Asamblea General Ordinaria del S&iacute;nodo de los Obispos sobre &ldquo;Los j&oacute;venes, la fe y el discernimiento vocacional&rdquo;, que tendr&aacute; lugar en el a&ntilde;o 2018, prosigue su camino con la segunda reuni&oacute;n del XIV Consejo Ordinario de la Secretar&iacute;a General del S&iacute;nodo de los Obispos. El &hellip; <a href=\"https:\/\/www.biblia.work\/noticias\/vaticano-prosigue-preparacion-para-sinodo-de-los-obispos-sobre-jovenes\/\" class=\"more-link\">Continuar leyendo<span class=\"screen-reader-text\"> \u00abVaticano: Prosigue preparaci\u00f3n para S\u00ednodo de los Obispos sobre j\u00f3venes\u00bb<\/span><\/a><\/p>\n","protected":false},"author":1,"featured_media":0,"comment_status":"open","ping_status":"closed","sticky":false,"template":"","format":"standard","meta":{"footnotes":""},"categories":[1],"tags":[],"class_list":["post-9236","post","type-post","status-publish","format-standard","hentry","category-general"],"_links":{"self":[{"href":"https:\/\/www.biblia.work\/noticias\/wp-json\/wp\/v2\/posts\/9236","targetHints":{"allow":["GET"]}}],"collection":[{"href":"https:\/\/www.biblia.work\/noticias\/wp-json\/wp\/v2\/posts"}],"about":[{"href":"https:\/\/www.biblia.work\/noticias\/wp-json\/wp\/v2\/types\/post"}],"author":[{"embeddable":true,"href":"https:\/\/www.biblia.work\/noticias\/wp-json\/wp\/v2\/users\/1"}],"replies":[{"embeddable":true,"href":"https:\/\/www.biblia.work\/noticias\/wp-json\/wp\/v2\/comments?post=9236"}],"version-history":[{"count":0,"href":"https:\/\/www.biblia.work\/noticias\/wp-json\/wp\/v2\/posts\/9236\/revisions"}],"wp:attachment":[{"href":"https:\/\/www.biblia.work\/noticias\/wp-json\/wp\/v2\/media?parent=9236"}],"wp:term":[{"taxonomy":"category","embeddable":true,"href":"https:\/\/www.biblia.work\/noticias\/wp-json\/wp\/v2\/categories?post=9236"},{"taxonomy":"post_tag","embeddable":true,"href":"https:\/\/www.biblia.work\/noticias\/wp-json\/wp\/v2\/tags?post=9236"}],"curies":[{"name":"wp","href":"https:\/\/api.w.org\/{rel}","templated":true}]}}