{"id":9237,"date":"2016-11-23T21:05:02","date_gmt":"2016-11-24T02:05:02","guid":{"rendered":"http:\/\/www.biblia.work\/noticias\/lanzan-recogida-de-firmas-para-defender-la-educacion-catolica-en-espana\/"},"modified":"2016-11-23T21:05:02","modified_gmt":"2016-11-24T02:05:02","slug":"lanzan-recogida-de-firmas-para-defender-la-educacion-catolica-en-espana","status":"publish","type":"post","link":"https:\/\/www.biblia.work\/noticias\/lanzan-recogida-de-firmas-para-defender-la-educacion-catolica-en-espana\/","title":{"rendered":"Lanzan recogida de firmas para defender la educaci\u00f3n cat\u00f3lica en Espa\u00f1a"},"content":{"rendered":"<p> MADRID, 23 Nov. 16 (ACI).-<br \/>\n\tLa Fundaci&oacute;n Educatio Servanda, promotora de los colegios concertados Juan Pablo II, ha lanzado una recogida de firmas para defender la educaci&oacute;n cat&oacute;licos en el pa&iacute;s.<\/p>\n<p style=\"text-align: justify\">\n\tEn la petici&oacute;n solicitan al actual Ministro de Educaci&oacute;n, Cultura y Deporte, I&ntilde;igo M&eacute;ndez de Vigo que ante el inicio de las conversaciones entre los grupos pol&iacute;ticos para lograr un pacto educativo en Espa&ntilde;a &ldquo;las familias cat&oacute;licas puedan elegir en igualdad de oportunidades una escuela que acompa&ntilde;e a sus hijos seg&uacute;n sus convicciones religiosas y que &ldquo;acompa&ntilde;e a los hijos en la b&uacute;squeda de la Verdad y les transmita el sentido cristiano de la vida&rdquo;.<\/p>\n<p style=\"text-align: justify\">\n\tEsta Fundaci&oacute;n dedicada a la ense&ntilde;anza basada en los valores cristianos explica en el manifiesto que &ldquo;las familias cat&oacute;licas y, las que sin serlo, entienden que la calidad de su ense&ntilde;anza est&aacute; &iacute;ntimamente relacionada con la visi&oacute;n del hombre y del mundo que aporta la fe&rdquo;.<\/p>\n<p style=\"text-align: justify\">\n\tEl manifiesto, dividido en diez puntos, pide al Ministro de Educaci&oacute;n que vele porque las familias puedan elegir una escuela &ldquo;que ayuda a tener sentido cr&iacute;tico frente a la realidad del mundo, fundado en la Doctrina Social de la Iglesia&rdquo;.<\/p>\n<p style=\"text-align: justify\">\n\tTambi&eacute;n le piden que &ldquo;no permita el adoctrinamiento de nuestros hijos por doctrinas destructivas y alineantes&rdquo; y &ldquo;que eduque en el servicio a los dem&aacute;s&rdquo;.<\/p>\n<p style=\"text-align: justify\">\n\tAdem&aacute;s han subrayado en este manifiesto que quieren poder elegir en igualdad de condiciones &ldquo;una escuela en la que nuestros hijos sean educados en aquellos valores que constituyen la base de nuestra civilizaci&oacute;n: los valores cristianos&rdquo;.<\/p>\n<p style=\"text-align: justify\">\n\t&ldquo;Nuestros hijos, en cuanto hijos de Dios, son un tesoro de incalculable valor, &uacute;nico e irrepetible&rdquo; y, en definitiva &ldquo;una escuela que defienda nuestro derecho como padres a decidir la formaci&oacute;n moral y religiosa de nuestros hijos&rdquo;, subrayan.<\/p>\n<p style=\"text-align: justify\">\n\tPuede apoyar esta iniciativa o conocer m&aacute;s sobre esta Fundaci&oacute;n AQU&Iacute; .<\/p>\n<p style=\"text-align: justify\">\n\tTambi&eacute;n te puede interesar:<\/p>\n<p style=\"text-align: justify\">\n\t\tFrancia censura video que muestra felices a personas con s&iacute;ndrome de Down https:\/\/t.co\/J6qNdV8XXt<\/p>\n<p>\t&mdash; ACI Prensa (@aciprensa) 22 de noviembre de 2016<\/p>\n","protected":false},"excerpt":{"rendered":"<p>MADRID, 23 Nov. 16 (ACI).- La Fundaci&oacute;n Educatio Servanda, promotora de los colegios concertados Juan Pablo II, ha lanzado una recogida de firmas para defender la educaci&oacute;n cat&oacute;licos en el pa&iacute;s. En la petici&oacute;n solicitan al actual Ministro de Educaci&oacute;n, Cultura y Deporte, I&ntilde;igo M&eacute;ndez de Vigo que ante el inicio de las conversaciones entre &hellip; <a href=\"https:\/\/www.biblia.work\/noticias\/lanzan-recogida-de-firmas-para-defender-la-educacion-catolica-en-espana\/\" class=\"more-link\">Continuar leyendo<span class=\"screen-reader-text\"> \u00abLanzan recogida de firmas para defender la educaci\u00f3n cat\u00f3lica en Espa\u00f1a\u00bb<\/span><\/a><\/p>\n","protected":false},"author":1,"featured_media":0,"comment_status":"open","ping_status":"closed","sticky":false,"template":"","format":"standard","meta":{"footnotes":""},"categories":[1],"tags":[],"class_list":["post-9237","post","type-post","status-publish","format-standard","hentry","category-general"],"_links":{"self":[{"href":"https:\/\/www.biblia.work\/noticias\/wp-json\/wp\/v2\/posts\/9237","targetHints":{"allow":["GET"]}}],"collection":[{"href":"https:\/\/www.biblia.work\/noticias\/wp-json\/wp\/v2\/posts"}],"about":[{"href":"https:\/\/www.biblia.work\/noticias\/wp-json\/wp\/v2\/types\/post"}],"author":[{"embeddable":true,"href":"https:\/\/www.biblia.work\/noticias\/wp-json\/wp\/v2\/users\/1"}],"replies":[{"embeddable":true,"href":"https:\/\/www.biblia.work\/noticias\/wp-json\/wp\/v2\/comments?post=9237"}],"version-history":[{"count":0,"href":"https:\/\/www.biblia.work\/noticias\/wp-json\/wp\/v2\/posts\/9237\/revisions"}],"wp:attachment":[{"href":"https:\/\/www.biblia.work\/noticias\/wp-json\/wp\/v2\/media?parent=9237"}],"wp:term":[{"taxonomy":"category","embeddable":true,"href":"https:\/\/www.biblia.work\/noticias\/wp-json\/wp\/v2\/categories?post=9237"},{"taxonomy":"post_tag","embeddable":true,"href":"https:\/\/www.biblia.work\/noticias\/wp-json\/wp\/v2\/tags?post=9237"}],"curies":[{"name":"wp","href":"https:\/\/api.w.org\/{rel}","templated":true}]}}