{"id":9242,"date":"2016-11-24T05:15:02","date_gmt":"2016-11-24T10:15:02","guid":{"rendered":"http:\/\/www.biblia.work\/noticias\/el-papa-recibe-al-presidente-de-vietnam\/"},"modified":"2016-11-24T05:15:02","modified_gmt":"2016-11-24T10:15:02","slug":"el-papa-recibe-al-presidente-de-vietnam","status":"publish","type":"post","link":"https:\/\/www.biblia.work\/noticias\/el-papa-recibe-al-presidente-de-vietnam\/","title":{"rendered":"El Papa recibe al presidente de Vietnam"},"content":{"rendered":"<p style=\"text-align: justify\">(ZENIT &#8211; Ciudad del Vaticano).- El Santo Padre Francisco, recibi\u00f3 este mi\u00e9rcoles por la tarde, al presidente de la Rep\u00fablica Socialista de Vietnam ,Tran Dai Quang. Durante el encuentro, &#8220;transcurridas en una atm\u00f3sfera de cordialidad&#8221;, indica el comunicado del oficina de prensa de la Santa Sede, se habl\u00f3 de las &#8220;buenas relaciones entre la Santa Sede y Vietnam&#8221;, basadas en un &#8220;esp\u00edritu com\u00fan de di\u00e1logo&#8221; y de &#8220;b\u00fasqueda constante de los instrumentos m\u00e1s id\u00f3neos para incrementar su progreso&#8221;. Asimismo, prosigue el comunicado, &#8220;se puso de relieve la colaboraci\u00f3n entre la Iglesia y el Estado en diversos \u00e1mbitos de la sociedad local&#8221;.<\/p>\n<p style=\"text-align: justify\">El encuentro dur\u00f3 15 minutos, acompa\u00f1ados por dos int\u00e9rpretes: un dominico y una mujer vietnamita. El presidente\u00a0<span class=\"s1\">Dai Quang quiso dar las gracias p\u00fablicamente el papa Francisco por su trabajo expresado en sus documentos publicados,\u00a0sobre todo la enc\u00edclica\u00a0<\/span><span class=\"s1\"><i>Laudato Si\u2019 <\/i>dedicada al tema del medio ambiente. Por su parte, el mandatario ha regalado a<\/span><span class=\"s1\">l Pont\u00edfice un peque\u00f1o tambor de broce, producido artesanalmente en Vietnam. Por su parte el Santo Padre le ha entregado la medalla del olivo de la paz y sus tres documentos:<\/span><span class=\"s1\"><i>\u00a0Evangelii gaudium, Laudato Si\u2019 <\/i>e <i>Amoris laetitia<\/i>. <\/span><\/p>\n<p class=\"p1\">Despu\u00e9s del encuentro con el Pont\u00edfice, el mandatario se reuni\u00f3 con\u00a0el cardenal Pietro Parolin, Secretario de Estado, a quien acompa\u00f1aba el arzobispo Paul Richard Gallagher, Secretario para las Relaciones con los Estados.<\/p>\n<p><span class=\"et_bloom_bottom_trigger\"><\/span><\/p>\n<p><a href=\"https:\/\/es.zenit.org\/\" target=\"_blank\" rel=\"nofollow\">Fuente: es.zenit.org<\/a><\/p>\n","protected":false},"excerpt":{"rendered":"<p>(ZENIT &#8211; Ciudad del Vaticano).- El Santo Padre Francisco, recibi\u00f3 este mi\u00e9rcoles por la tarde, al presidente de la Rep\u00fablica Socialista de Vietnam ,Tran Dai Quang. Durante el encuentro, &#8220;transcurridas en una atm\u00f3sfera de cordialidad&#8221;, indica el comunicado del oficina de prensa de la Santa Sede, se habl\u00f3 de las &#8220;buenas relaciones entre la Santa &hellip; <a href=\"https:\/\/www.biblia.work\/noticias\/el-papa-recibe-al-presidente-de-vietnam\/\" class=\"more-link\">Continuar leyendo<span class=\"screen-reader-text\"> \u00abEl Papa recibe al presidente de Vietnam\u00bb<\/span><\/a><\/p>\n","protected":false},"author":1,"featured_media":0,"comment_status":"open","ping_status":"closed","sticky":false,"template":"","format":"standard","meta":{"footnotes":""},"categories":[1],"tags":[],"class_list":["post-9242","post","type-post","status-publish","format-standard","hentry","category-general"],"_links":{"self":[{"href":"https:\/\/www.biblia.work\/noticias\/wp-json\/wp\/v2\/posts\/9242","targetHints":{"allow":["GET"]}}],"collection":[{"href":"https:\/\/www.biblia.work\/noticias\/wp-json\/wp\/v2\/posts"}],"about":[{"href":"https:\/\/www.biblia.work\/noticias\/wp-json\/wp\/v2\/types\/post"}],"author":[{"embeddable":true,"href":"https:\/\/www.biblia.work\/noticias\/wp-json\/wp\/v2\/users\/1"}],"replies":[{"embeddable":true,"href":"https:\/\/www.biblia.work\/noticias\/wp-json\/wp\/v2\/comments?post=9242"}],"version-history":[{"count":0,"href":"https:\/\/www.biblia.work\/noticias\/wp-json\/wp\/v2\/posts\/9242\/revisions"}],"wp:attachment":[{"href":"https:\/\/www.biblia.work\/noticias\/wp-json\/wp\/v2\/media?parent=9242"}],"wp:term":[{"taxonomy":"category","embeddable":true,"href":"https:\/\/www.biblia.work\/noticias\/wp-json\/wp\/v2\/categories?post=9242"},{"taxonomy":"post_tag","embeddable":true,"href":"https:\/\/www.biblia.work\/noticias\/wp-json\/wp\/v2\/tags?post=9242"}],"curies":[{"name":"wp","href":"https:\/\/api.w.org\/{rel}","templated":true}]}}