{"id":9244,"date":"2016-11-24T06:15:02","date_gmt":"2016-11-24T11:15:02","guid":{"rendered":"http:\/\/www.biblia.work\/noticias\/el-vaticano-acoge-una-conferencia-internacional-sobre-la-plaga-mundial-de-la-droga\/"},"modified":"2016-11-24T06:15:02","modified_gmt":"2016-11-24T11:15:02","slug":"el-vaticano-acoge-una-conferencia-internacional-sobre-la-plaga-mundial-de-la-droga","status":"publish","type":"post","link":"https:\/\/www.biblia.work\/noticias\/el-vaticano-acoge-una-conferencia-internacional-sobre-la-plaga-mundial-de-la-droga\/","title":{"rendered":"El Vaticano acoge una conferencia internacional sobre la \u201cplaga mundial\u201d de la droga"},"content":{"rendered":"<p style=\"text-align: justify\"><span style=\"font-weight: 400\">(ZENIT &#8211; Ciudad del Vaticano).- Ha iniciado este mi\u00e9rcoles, en la Casina P\u00edo IV en el Vaticano, el congreso internacional sobre las drogas organizado por la Pontificia Academia de las Ciencias. Dos d\u00edas durante los cuales &#8211;explica Radio Vaticana&#8211; hu\u00e9spedes internacionales debatir\u00e1n sobre temas como producci\u00f3n, uso y tr\u00e1fico de drogas ilegales, sin olvidar los usos y abusos de las sustancias qu\u00edmicas, el tr\u00e1fico de seres humanos, las violencias. A trav\u00e9s de los datos y experiencias hist\u00f3ricas se tratar\u00e1 de buscar estrategias y soluciones definitivas a tales dramas. <\/span><\/p>\n<p style=\"text-align: justify\"><span style=\"font-weight: 400\">Los encargados de abrir el encuentro fueron monse\u00f1or Marcelo S\u00e1nchez Sorondo, canciller de la Pontificia; la reina Silvia de Suecia y Yury Fedotov, director de Unodc, la Oficina ONU que se ocupa de drogas y crimen. Adem\u00e1s, recibir\u00e1n tambi\u00e9n la visita del Santo Padre este jueves. <\/span><\/p>\n<p style=\"text-align: justify\"><span style=\"font-weight: 400\">En su intervenci\u00f3n, en el \u00e1mbito del seminario \u201cNarc\u00f3ticos, problemas y soluciones de esta plaga mundial\u201d, la reina Silvia de Suecia puso en evidencia la \u201cnecesidad de proseguir en la cooperaci\u00f3n mundial\u201d para afrontar este desaf\u00edo, mirando de forma particular a la \u201cfragilidad de los ni\u00f1os\u201d v\u00edctimas de la uni\u00f3n entre \u201ctr\u00e1fico de drogas y explotaci\u00f3n de seres humanos\u201d. Central tambi\u00e9n la prevenci\u00f3n y la informaci\u00f3n sobre la peligrosidad de las sustancias estupefacientes, seg\u00fan la soberana, tambi\u00e9n fundadora del \u201c<em>World Childhood Foundation<\/em>\u201d que se ocupa de mejorar las condiciones de vida de los ni\u00f1os de todo el mundo, y miembro honorario de la <em>Mentor Foundation<\/em>, activa contra la droga.<\/span><\/p>\n<p style=\"text-align: justify\"><span style=\"font-weight: 400\">Yury Fedotov indic\u00f3 que los datos del 2013 de Unodc (<em>United Nations Office on Drugs and Crime<\/em>), la Oficina de las Naciones Unidas de la que es presidente que se ocupa de vigilar la difusi\u00f3n de las drogas en el mundo y los relativos fen\u00f3menos criminales. Seg\u00fan tales estimaciones, 1 persona de cada 20, en edad comprendida entre los 15 y los 64 a\u00f1os, utiliz\u00f3 al menos una vez una sustancia il\u00edcita, por un total de 246 millones de personas, subray\u00f3 Fedotov, reafirmando las consecuencias devastadoras para \u201cla salud, la paz, el desarrollo, para los derechos humanos\u201d causados por el tr\u00e1fico de droga y de las actividades criminales vinculadas. <\/span><\/p>\n<p style=\"text-align: justify\"><span style=\"font-weight: 400\">Ilustrado tambi\u00e9n el mapa de los pa\u00edses m\u00e1s golpeados por la plaga de la droga: Afganist\u00e1n, \u201cpatria\u201d del opio, donde los productores del cultivo de amapola, adem\u00e1s en crecimiento, financian el terrorismo de los talibanes adem\u00e1s de crear toxicodependencia, violencia e inseguridad. Los Balcanes, principales canales de tr\u00e1nsito de la hero\u00edna que se se extiende despu\u00e9s en todas direcciones; Am\u00e9rica del Norte, donde se registra m\u00e1s del 40% del consumo de coca\u00edna global, los principales productores est\u00e1n en Colombia, Per\u00fa y Bolivia. <\/span><\/p>\n<p><span class=\"et_bloom_bottom_trigger\"><\/span><\/p>\n<p><a href=\"https:\/\/es.zenit.org\/\" target=\"_blank\" rel=\"nofollow\">Fuente: es.zenit.org<\/a><\/p>\n","protected":false},"excerpt":{"rendered":"<p>(ZENIT &#8211; Ciudad del Vaticano).- Ha iniciado este mi\u00e9rcoles, en la Casina P\u00edo IV en el Vaticano, el congreso internacional sobre las drogas organizado por la Pontificia Academia de las Ciencias. Dos d\u00edas durante los cuales &#8211;explica Radio Vaticana&#8211; hu\u00e9spedes internacionales debatir\u00e1n sobre temas como producci\u00f3n, uso y tr\u00e1fico de drogas ilegales, sin olvidar los &hellip; <a href=\"https:\/\/www.biblia.work\/noticias\/el-vaticano-acoge-una-conferencia-internacional-sobre-la-plaga-mundial-de-la-droga\/\" class=\"more-link\">Continuar leyendo<span class=\"screen-reader-text\"> \u00abEl Vaticano acoge una conferencia internacional sobre la \u201cplaga mundial\u201d de la droga\u00bb<\/span><\/a><\/p>\n","protected":false},"author":1,"featured_media":0,"comment_status":"open","ping_status":"closed","sticky":false,"template":"","format":"standard","meta":{"footnotes":""},"categories":[1],"tags":[],"class_list":["post-9244","post","type-post","status-publish","format-standard","hentry","category-general"],"_links":{"self":[{"href":"https:\/\/www.biblia.work\/noticias\/wp-json\/wp\/v2\/posts\/9244","targetHints":{"allow":["GET"]}}],"collection":[{"href":"https:\/\/www.biblia.work\/noticias\/wp-json\/wp\/v2\/posts"}],"about":[{"href":"https:\/\/www.biblia.work\/noticias\/wp-json\/wp\/v2\/types\/post"}],"author":[{"embeddable":true,"href":"https:\/\/www.biblia.work\/noticias\/wp-json\/wp\/v2\/users\/1"}],"replies":[{"embeddable":true,"href":"https:\/\/www.biblia.work\/noticias\/wp-json\/wp\/v2\/comments?post=9244"}],"version-history":[{"count":0,"href":"https:\/\/www.biblia.work\/noticias\/wp-json\/wp\/v2\/posts\/9244\/revisions"}],"wp:attachment":[{"href":"https:\/\/www.biblia.work\/noticias\/wp-json\/wp\/v2\/media?parent=9244"}],"wp:term":[{"taxonomy":"category","embeddable":true,"href":"https:\/\/www.biblia.work\/noticias\/wp-json\/wp\/v2\/categories?post=9244"},{"taxonomy":"post_tag","embeddable":true,"href":"https:\/\/www.biblia.work\/noticias\/wp-json\/wp\/v2\/tags?post=9244"}],"curies":[{"name":"wp","href":"https:\/\/api.w.org\/{rel}","templated":true}]}}