{"id":9252,"date":"2016-11-24T09:05:02","date_gmt":"2016-11-24T14:05:02","guid":{"rendered":"http:\/\/www.biblia.work\/noticias\/como-vivir-thanksgiving-o-dia-de-accion-de-gracias-en-clave-catolica\/"},"modified":"2016-11-24T09:05:02","modified_gmt":"2016-11-24T14:05:02","slug":"como-vivir-thanksgiving-o-dia-de-accion-de-gracias-en-clave-catolica","status":"publish","type":"post","link":"https:\/\/www.biblia.work\/noticias\/como-vivir-thanksgiving-o-dia-de-accion-de-gracias-en-clave-catolica\/","title":{"rendered":"\u00bfC\u00f3mo vivir Thanksgiving o D\u00eda de Acci\u00f3n de Gracias en clave cat\u00f3lica?"},"content":{"rendered":"<p> REDACCI\u00d3N CENTRAL, 24 Nov. 16 (ACI\/EWTN Noticias).-<br \/>\n\tHoy en Estados Unidos se celebra Thanksgiving o el D&iacute;a de Acci&oacute;n de Gracias que recuerda la primera cena de agradecimiento en 1621 de un grupo peregrinos con nativos, en la que se dio gracias a Dios por la abundancia de cosechas en el nuevo mundo. El ahora Arzobispo de Los &Aacute;ngeles (EEUU), Mons. Jos&eacute; G&oacute;mez, explic&oacute; por qu&eacute; esta fiesta es profundamente cat&oacute;lica.<\/p>\n<p style=\"text-align: justify\">\n\tEn el a&ntilde;o 2008, cuando era a&uacute;n Arzobispo de San Antonio (Texas), Mons. G&oacute;mez public&oacute; en el diario Today&rsquo;s Catholic un art&iacute;culo en el que explicaba el sentido cat&oacute;lico del D&iacute;a de Acci&oacute;n de Gracias, &quot;un d&iacute;a especial, donde ante todo se celebra la unidad familiar. En efecto, las familias se re&uacute;nen en Thanksgiving con m&aacute;s frecuencia que en cualquier otra fiesta, incluyendo la Navidad&quot;.<\/p>\n<p style=\"text-align: justify\">\n\tEl Prelado relat&oacute; que &quot;antes de la &lsquo;primera&rsquo; celebraci&oacute;n de Thanksgiving en 1621 en suelo norteamericano, el 30 de abril de 1598, en Texas, Don Juan de O&ntilde;ate ya hab&iacute;a declarado oficialmente un &lsquo;D&iacute;a de Acci&oacute;n de Gracias&rsquo;, que fue conmemorado con el santo sacrificio de la Misa&quot;.<\/p>\n<p style=\"text-align: justify\">\n\tO&ntilde;ate, cont&oacute; el Prelado, &quot;hizo lo m&aacute;s propiamente cat&oacute;lico: celebrar la Eucarist&iacute;a, una palabra que viene del t&eacute;rmino griega Eukaristein, y que significa, precisamente &lsquo;acci&oacute;n de gracias&rsquo;&quot;.<\/p>\n<p style=\"text-align: justify\">\n\t&quot;Esta es la raz&oacute;n por la cual, pese a que Thanksgiving no es una fiesta de guardar en el calendario cat&oacute;lico, el calendario lit&uacute;rgico de la Iglesia en los Estados Unidos lo celebra con la solemnidad de dos lecturas &ndash;una del Antiguo y otra del Nuevo Testamento&ndash; y con una emblem&aacute;tica lectura del Evangelio de Lucas: el pasaje del &lsquo;Magnificat&rsquo;&quot; de Mar&iacute;a.<\/p>\n<p style=\"text-align: justify\">\n\tMons. G&oacute;mez resalt&oacute; que &quot;aunque la Virgen Mar&iacute;a lo vivi&oacute; de manera &uacute;nica y privilegiada, todos (&hellip;) podemos elevar nuestra acci&oacute;n de gracias a Dios porque nos ha dado m&aacute;s de lo que imaginamos o merecemos, simplemente porque, como nos dice nuestra Santa Madre, &Eacute;l ha hecho obras grandes por nosotros, y su nombre es santo&quot;.<\/p>\n<p style=\"text-align: justify\">\n\t&quot;Por eso, los cat&oacute;licos no s&oacute;lo debemos celebrar el D&iacute;a de Acci&oacute;n de Gracias con profundo esp&iacute;ritu de oraci&oacute;n, agradecimiento y alegr&iacute;a, sino que la celebraci&oacute;n de este d&iacute;a nos debe llevar a recordar que nuestra vida como cat&oacute;licos es una constante acci&oacute;n de gracias. A trav&eacute;s de nuestros actos de la vida cotidiana, que deben todos ellos dar gloria a Dios, y de manera especial a trav&eacute;s de la celebraci&oacute;n de la Eucarist&iacute;a&quot;.<\/p>\n<p style=\"text-align: justify\">\n\tEl actual Arzobispo de Los &Aacute;ngeles, la arquidi&oacute;cesis m&aacute;s grande de Estados Unidos, record&oacute; adem&aacute;s que &quot;este fin de semana iniciamos el tiempo especial del Adviento. A trav&eacute;s de &eacute;l nos preparamos para recibir el supremo regalo de Dios: su propio Hijo, hecho uno de nosotros para reconciliar a la humanidad&quot;.<\/p>\n<p style=\"text-align: justify\">\n\t&quot;Rezo &ndash;concluy&oacute;&ndash; de todo coraz&oacute;n a nuestra Santa Madre, la gran agradecida del Se&ntilde;or, para que nos prepare con un coraz&oacute;n lleno de acci&oacute;n de gracias para los grandes misterios de la Navidad&quot;.<\/p>\n","protected":false},"excerpt":{"rendered":"<p>REDACCI\u00d3N CENTRAL, 24 Nov. 16 (ACI\/EWTN Noticias).- Hoy en Estados Unidos se celebra Thanksgiving o el D&iacute;a de Acci&oacute;n de Gracias que recuerda la primera cena de agradecimiento en 1621 de un grupo peregrinos con nativos, en la que se dio gracias a Dios por la abundancia de cosechas en el nuevo mundo. El ahora &hellip; <a href=\"https:\/\/www.biblia.work\/noticias\/como-vivir-thanksgiving-o-dia-de-accion-de-gracias-en-clave-catolica\/\" class=\"more-link\">Continuar leyendo<span class=\"screen-reader-text\"> \u00ab\u00bfC\u00f3mo vivir Thanksgiving o D\u00eda de Acci\u00f3n de Gracias en clave cat\u00f3lica?\u00bb<\/span><\/a><\/p>\n","protected":false},"author":1,"featured_media":0,"comment_status":"open","ping_status":"closed","sticky":false,"template":"","format":"standard","meta":{"footnotes":""},"categories":[1],"tags":[],"class_list":["post-9252","post","type-post","status-publish","format-standard","hentry","category-general"],"_links":{"self":[{"href":"https:\/\/www.biblia.work\/noticias\/wp-json\/wp\/v2\/posts\/9252","targetHints":{"allow":["GET"]}}],"collection":[{"href":"https:\/\/www.biblia.work\/noticias\/wp-json\/wp\/v2\/posts"}],"about":[{"href":"https:\/\/www.biblia.work\/noticias\/wp-json\/wp\/v2\/types\/post"}],"author":[{"embeddable":true,"href":"https:\/\/www.biblia.work\/noticias\/wp-json\/wp\/v2\/users\/1"}],"replies":[{"embeddable":true,"href":"https:\/\/www.biblia.work\/noticias\/wp-json\/wp\/v2\/comments?post=9252"}],"version-history":[{"count":0,"href":"https:\/\/www.biblia.work\/noticias\/wp-json\/wp\/v2\/posts\/9252\/revisions"}],"wp:attachment":[{"href":"https:\/\/www.biblia.work\/noticias\/wp-json\/wp\/v2\/media?parent=9252"}],"wp:term":[{"taxonomy":"category","embeddable":true,"href":"https:\/\/www.biblia.work\/noticias\/wp-json\/wp\/v2\/categories?post=9252"},{"taxonomy":"post_tag","embeddable":true,"href":"https:\/\/www.biblia.work\/noticias\/wp-json\/wp\/v2\/tags?post=9252"}],"curies":[{"name":"wp","href":"https:\/\/api.w.org\/{rel}","templated":true}]}}