{"id":9253,"date":"2016-11-24T09:15:02","date_gmt":"2016-11-24T14:15:02","guid":{"rendered":"http:\/\/www.biblia.work\/noticias\/el-espiritu-fuente-de-esperanza-las-predicaciones-de-adviento-del-padre-cantalamessa\/"},"modified":"2016-11-24T09:15:02","modified_gmt":"2016-11-24T14:15:02","slug":"el-espiritu-fuente-de-esperanza-las-predicaciones-de-adviento-del-padre-cantalamessa","status":"publish","type":"post","link":"https:\/\/www.biblia.work\/noticias\/el-espiritu-fuente-de-esperanza-las-predicaciones-de-adviento-del-padre-cantalamessa\/","title":{"rendered":"\u201cEl Esp\u00edritu, fuente de esperanza\u201d, las predicaciones de adviento del padre Cantalamessa"},"content":{"rendered":"<p style=\"text-align: justify\"><b><\/b><span style=\"font-weight: 400\">(ZENIT &#8211; Ciudad del Vaticano).<\/span><i><span style=\"font-weight: 400\">&#8211; \u00abBebamos, sobrios, la embriaguez del Esp\u00edritu\u00bb<\/span><\/i><span style=\"font-weight: 400\">. Este es el tema de las cuatro meditaciones que el predicador de la Casa Pontificia, Raniero Cantalamessa, realizar\u00e1 en presencia del papa Francisco en los viernes de adviento, en la capilla Redemptoris Mater del Palacio Apost\u00f3lico.<\/span><\/p>\n<p style=\"text-align: justify\"><span style=\"font-weight: 400\">\u201cEn la reflexi\u00f3n teol\u00f3gica &#8211;subraya el capuchino en el <\/span><i><span style=\"font-weight: 400\">Osservatore Romano<\/span><\/i><span style=\"font-weight: 400\"> explicando la elecci\u00f3n del tema&#8211; se va afirmando cada vez m\u00e1s la que es denominada como \u2018la teolog\u00eda del tercer art\u00edculo\u2019, entendiendo con eso el art\u00edculo del Credo del Esp\u00edritu Santo\u201d. Se trata de una corriente &#8211;a\u00f1ade el padre Cantalamessa&#8211; que no pretende sustituir a la teolog\u00eda tradicional, sino m\u00e1s bien ponerse a su lado\u00a0y vivificarla\u201d. Y as\u00ed proponerse \u201chacer del Esp\u00edritu Santo no solamente el objeto del tratado al que se refiere, sino por as\u00ed decir la atm\u00f3sfera en la que se desarrolla toda la vida de la Iglesia y, en particular, toda b\u00fasqueda teol\u00f3gica\u201d. <\/span><\/p>\n<p style=\"text-align: justify\"><span style=\"font-weight: 400\">En esta l\u00ednea &#8211;concluye el predicador de la Casa Pontificia&#8211; las meditaciones de adviento se proponen reflexionar sobre el Esp\u00edritu Santo como la novedad teol\u00f3gica y espiritual m\u00e1s importante de despu\u00e9s del Concilio y la mayor fuente de esperanza de la Iglesia. <\/span><\/p>\n<p style=\"text-align: justify\"><span style=\"font-weight: 400\">A las cuatro predicaciones, est\u00e1n invitados los cardenales, arzobispos y obispos, los secretarios de las Congregaciones, los prelados de la Curia Romana y del Vicariato de Roma, los superiores generales y los procuradores de las \u00f3rdenes religiosas que forman parte de la Capilla pontificia. <\/span><\/p>\n<p><span class=\"et_bloom_bottom_trigger\"><\/span><\/p>\n<p><a href=\"https:\/\/es.zenit.org\/\" target=\"_blank\" rel=\"nofollow\">Fuente: es.zenit.org<\/a><\/p>\n","protected":false},"excerpt":{"rendered":"<p>(ZENIT &#8211; Ciudad del Vaticano).&#8211; \u00abBebamos, sobrios, la embriaguez del Esp\u00edritu\u00bb. Este es el tema de las cuatro meditaciones que el predicador de la Casa Pontificia, Raniero Cantalamessa, realizar\u00e1 en presencia del papa Francisco en los viernes de adviento, en la capilla Redemptoris Mater del Palacio Apost\u00f3lico. \u201cEn la reflexi\u00f3n teol\u00f3gica &#8211;subraya el capuchino en &hellip; <a href=\"https:\/\/www.biblia.work\/noticias\/el-espiritu-fuente-de-esperanza-las-predicaciones-de-adviento-del-padre-cantalamessa\/\" class=\"more-link\">Continuar leyendo<span class=\"screen-reader-text\"> \u00ab\u201cEl Esp\u00edritu, fuente de esperanza\u201d, las predicaciones de adviento del padre Cantalamessa\u00bb<\/span><\/a><\/p>\n","protected":false},"author":1,"featured_media":0,"comment_status":"open","ping_status":"closed","sticky":false,"template":"","format":"standard","meta":{"footnotes":""},"categories":[1],"tags":[],"class_list":["post-9253","post","type-post","status-publish","format-standard","hentry","category-general"],"_links":{"self":[{"href":"https:\/\/www.biblia.work\/noticias\/wp-json\/wp\/v2\/posts\/9253","targetHints":{"allow":["GET"]}}],"collection":[{"href":"https:\/\/www.biblia.work\/noticias\/wp-json\/wp\/v2\/posts"}],"about":[{"href":"https:\/\/www.biblia.work\/noticias\/wp-json\/wp\/v2\/types\/post"}],"author":[{"embeddable":true,"href":"https:\/\/www.biblia.work\/noticias\/wp-json\/wp\/v2\/users\/1"}],"replies":[{"embeddable":true,"href":"https:\/\/www.biblia.work\/noticias\/wp-json\/wp\/v2\/comments?post=9253"}],"version-history":[{"count":0,"href":"https:\/\/www.biblia.work\/noticias\/wp-json\/wp\/v2\/posts\/9253\/revisions"}],"wp:attachment":[{"href":"https:\/\/www.biblia.work\/noticias\/wp-json\/wp\/v2\/media?parent=9253"}],"wp:term":[{"taxonomy":"category","embeddable":true,"href":"https:\/\/www.biblia.work\/noticias\/wp-json\/wp\/v2\/categories?post=9253"},{"taxonomy":"post_tag","embeddable":true,"href":"https:\/\/www.biblia.work\/noticias\/wp-json\/wp\/v2\/tags?post=9253"}],"curies":[{"name":"wp","href":"https:\/\/api.w.org\/{rel}","templated":true}]}}