{"id":9254,"date":"2016-11-24T09:15:02","date_gmt":"2016-11-24T14:15:02","guid":{"rendered":"http:\/\/www.biblia.work\/noticias\/misa-en-el-vaticano-en-honor-a-nuestra-senora-de-guadalupe\/"},"modified":"2016-11-24T09:15:02","modified_gmt":"2016-11-24T14:15:02","slug":"misa-en-el-vaticano-en-honor-a-nuestra-senora-de-guadalupe","status":"publish","type":"post","link":"https:\/\/www.biblia.work\/noticias\/misa-en-el-vaticano-en-honor-a-nuestra-senora-de-guadalupe\/","title":{"rendered":"Misa en el Vaticano en honor a Nuestra Se\u00f1ora de Guadalupe"},"content":{"rendered":"<p style=\"text-align: justify\"><b><\/b><b><\/b><span style=\"font-weight: 400\">(ZENIT &#8211; Ciudad del Vaticano).- El papa Francisco celebrar\u00e1, por tercer a\u00f1o consecutivo, la santa misa en la bas\u00edlica de San Pedro, el d\u00eda 12 de diciembre, en honor de Nuestra Se\u00f1ora de Guadalupe. El papa Francisco hizo llegar a la Pontificia Comisi\u00f3n de Am\u00e9rica Latina a trav\u00e9s de su presidente, el cardenal Marc Ouellet, \u201csu deseo de presidir nuevamente esta festividad en el d\u00eda en que millones de cat\u00f3licos en todo el mundo rinden honor a quien es Patrona de Am\u00e9rica y de las Filipinas\u201d, indica un comunicado distribuido por el dicasterio vaticano. <\/span><\/p>\n<p style=\"text-align: justify\"><span style=\"font-weight: 400\">La eucarist\u00eda se celebrar\u00e1 a las 18.00 y estar\u00e1 precedida del rezo del rosario y del tradicional ingreso de banderas en representaci\u00f3n de los diversos pa\u00edses que son devotos de la Virgen. Se prev\u00e9 \u201cuna participaci\u00f3n masiva de fieles\u201d, especialmente provenientes de las \u201ccomunidades latinoamericanas y de las Filipinas en Roma\u201d as\u00ed como de numerosos cardenales, obispos, religiosos, religiosas, miembros de la Curia Romana y del cuerpo diplom\u00e1tico.<\/span><\/p>\n<p style=\"text-align: justify\"><span style=\"font-weight: 400\">Tal y como recuerda el comunicado de la Pontificia Comisi\u00f3n de Am\u00e9rica Latina, el 12 de diciembre del 2011, en el contexto de la conmemoraci\u00f3n de las independencias de los pa\u00edses de Am\u00e9rica Latina, el papa Benedicto XVI acept\u00f3 celebrar por primera vez esta fiesta en la bas\u00edlica de San Pedro. En aquella ocasi\u00f3n la misa fue acompa\u00f1ada por los cantos de la \u201cMisa Criolla\u201d, del compositor argentino Ariel Ram\u00edrez, interpretada por j\u00f3venes del <\/span><i><span style=\"font-weight: 400\">Coro Musica Nova<\/span><\/i><span style=\"font-weight: 400\">. <\/span><\/p>\n<p style=\"text-align: justify\"><span style=\"font-weight: 400\">Tres a\u00f1os despu\u00e9s, en el 2014, el papa Francisco expres\u00f3 su deseo de celebrar nuevamente la eucarist\u00eda en honor a \u201cla morenita\u201d. En dicha ocasi\u00f3n un grupo de m\u00fasicos venidos de argentina interpretaron nuevamente la \u201cMisa Criolla\u201d junto al coro juvenil <em>Musica Nova<\/em>. Esta vez dirigidos por el hijo del compositor Ariel Ram\u00edrez, quien vino especialmente para la ocasi\u00f3n, considerando que se cumpl\u00edan 50 a\u00f1os desde que dicha misa fuera interpretada en el Vaticano en presencia del papa Pablo VI.<\/span><\/p>\n<p style=\"text-align: justify\"><span style=\"font-weight: 400\">De este modo, tambi\u00e9n el a\u00f1o 2015, el Santo Padre anunci\u00f3 que presidir\u00eda nuevamente esta misa. En dicha celebraci\u00f3n, durante la homil\u00eda, el Papa anunci\u00f3 su visita apost\u00f3lica a M\u00e9xico del 12 al 18 de febrero del 2016, en el que realiz\u00f3 una &#8220;hist\u00f3rica peregrinaci\u00f3n al Santuario de Nuestra Se\u00f1ora de Guadalupe&#8221;.<\/span><\/p>\n<p style=\"text-align: justify\"><span style=\"font-weight: 400\">Este a\u00f1o, \u201cestando todav\u00eda muy viva la imagen del Papa Francisco rezando frente a la tilma de la Guadalupana\u201d, durante su peregrinaci\u00f3n al Santuario, \u201cha causado una alegr\u00eda inmensa su anuncio de que celebrar\u00e1 nuevamente esta fiesta en la Bas\u00edlica Vaticana el pr\u00f3ximo 12 de diciembre\u201d, asegura el comunicado del dicasterio. Es una alegr\u00eda &#8211;precisan&#8211; que se suma a la dicha por la reciente canonizaci\u00f3n de dos nuevos Santos para Am\u00e9rica Latina, la del sacerdote argentino Jos\u00e9 Gabriel del Rosario, el \u201ccura Brochero\u201d, y la del joven m\u00e1rtir mexicano Jos\u00e9 S\u00e1nchez del R\u00edo.<\/span><\/p>\n<p><span class=\"et_bloom_bottom_trigger\"><\/span><\/p>\n<p><a href=\"https:\/\/es.zenit.org\/\" target=\"_blank\" rel=\"nofollow\">Fuente: es.zenit.org<\/a><\/p>\n","protected":false},"excerpt":{"rendered":"<p>(ZENIT &#8211; Ciudad del Vaticano).- El papa Francisco celebrar\u00e1, por tercer a\u00f1o consecutivo, la santa misa en la bas\u00edlica de San Pedro, el d\u00eda 12 de diciembre, en honor de Nuestra Se\u00f1ora de Guadalupe. El papa Francisco hizo llegar a la Pontificia Comisi\u00f3n de Am\u00e9rica Latina a trav\u00e9s de su presidente, el cardenal Marc Ouellet, &hellip; <a href=\"https:\/\/www.biblia.work\/noticias\/misa-en-el-vaticano-en-honor-a-nuestra-senora-de-guadalupe\/\" class=\"more-link\">Continuar leyendo<span class=\"screen-reader-text\"> \u00abMisa en el Vaticano en honor a Nuestra Se\u00f1ora de Guadalupe\u00bb<\/span><\/a><\/p>\n","protected":false},"author":1,"featured_media":0,"comment_status":"open","ping_status":"closed","sticky":false,"template":"","format":"standard","meta":{"footnotes":""},"categories":[1],"tags":[],"class_list":["post-9254","post","type-post","status-publish","format-standard","hentry","category-general"],"_links":{"self":[{"href":"https:\/\/www.biblia.work\/noticias\/wp-json\/wp\/v2\/posts\/9254","targetHints":{"allow":["GET"]}}],"collection":[{"href":"https:\/\/www.biblia.work\/noticias\/wp-json\/wp\/v2\/posts"}],"about":[{"href":"https:\/\/www.biblia.work\/noticias\/wp-json\/wp\/v2\/types\/post"}],"author":[{"embeddable":true,"href":"https:\/\/www.biblia.work\/noticias\/wp-json\/wp\/v2\/users\/1"}],"replies":[{"embeddable":true,"href":"https:\/\/www.biblia.work\/noticias\/wp-json\/wp\/v2\/comments?post=9254"}],"version-history":[{"count":0,"href":"https:\/\/www.biblia.work\/noticias\/wp-json\/wp\/v2\/posts\/9254\/revisions"}],"wp:attachment":[{"href":"https:\/\/www.biblia.work\/noticias\/wp-json\/wp\/v2\/media?parent=9254"}],"wp:term":[{"taxonomy":"category","embeddable":true,"href":"https:\/\/www.biblia.work\/noticias\/wp-json\/wp\/v2\/categories?post=9254"},{"taxonomy":"post_tag","embeddable":true,"href":"https:\/\/www.biblia.work\/noticias\/wp-json\/wp\/v2\/tags?post=9254"}],"curies":[{"name":"wp","href":"https:\/\/api.w.org\/{rel}","templated":true}]}}