{"id":9273,"date":"2016-11-24T16:05:02","date_gmt":"2016-11-24T21:05:02","guid":{"rendered":"http:\/\/www.biblia.work\/noticias\/miles-celebran-el-dia-nacional-de-oracion-en-el-zocalo-de-la-ciudad-de-mexico\/"},"modified":"2016-11-24T16:05:02","modified_gmt":"2016-11-24T21:05:02","slug":"miles-celebran-el-dia-nacional-de-oracion-en-el-zocalo-de-la-ciudad-de-mexico","status":"publish","type":"post","link":"https:\/\/www.biblia.work\/noticias\/miles-celebran-el-dia-nacional-de-oracion-en-el-zocalo-de-la-ciudad-de-mexico\/","title":{"rendered":"Miles celebran el D\u00eda Nacional de Oraci\u00f3n en el Z\u00f3calo de la Ciudad de M\u00e9xico"},"content":{"rendered":"<p style=\"text-align: justify\">Familias enteras se congregaron en la Ciudad de M\u00e9xico para celebrar el D\u00eda Nacional de Oraci\u00f3n. El evento se desarroll\u00f3 en el Z\u00f3calo de la ciudad. <\/p>\n<p style=\"text-align: justify\">Todos son bienvenidos a este magno evento que tiene como objetivo unir en oraci\u00f3n a miles de creyentes concentrados en un solo lugar. <\/p>\n<p style=\"text-align: justify\"> <strong>\u00bfQu\u00e9 opinas de esta noticia? Ve a <a href=\"http:\/\/www.Facebook.com\/mundocristiano\">www.Facebook.com\/mundocristiano<\/a> y comenta.<\/strong> <\/p>\n<p style=\"text-align: justify\">El pastor Benjam\u00edn Lomel\u00ed encabeza la organizaci\u00f3n de dicho evento desde hace m\u00e1s de una d\u00e9cada. <\/p>\n<p style=\"text-align: justify\">Familias, ni\u00f1os, j\u00f3venes, gente de todas las edades, as\u00ed como de diferentes partes del pa\u00eds, se re\u00fanen con diferentes peticiones de oraci\u00f3n. <\/p>\n<p style=\"text-align: justify\">Cerca de mil voluntarios son los que apoyan este d\u00eda en la Ciudad de M\u00e9xico, para que se lleve a cabo el D\u00eda Nacional de la Oraci\u00f3n. Todos con un solo objetivo, orar a Dios por la seguridad de M\u00e9xico. <\/p>\n<p style=\"text-align: justify\">La oraci\u00f3n hace milagros, y eso lo podemos comprobar con los resultados&#8230; <\/p>\n<p style=\"text-align: justify\"> \u201cTomar el Z\u00f3calo capitalino en este tiempo es muy significativo, simb\u00f3lico y tambi\u00e9n en el car\u00e1cter espiritual de mucha importancia. Este es el doceavo a\u00f1o del D\u00eda Nacional de Oraci\u00f3n por M\u00e9xico. Gracias a Dios creemos que fue una victoria muy grande la defensa de la familia, esa es una oraci\u00f3n fundamental, no perdamos la sensibilidad es una convocatoria para exaltar el nombre del Se\u00f1or, y el prop\u00f3sito es que vengamos aqu\u00ed y que la gente que nos vea y autoridades de todos los niveles, ven que hay un pueblo que exalta el nombre del Se\u00f1or, y que se pide por ellos como dice la Escritura, para que gobiernen con equidad y justicia, y esa oraci\u00f3n hace que estas personas con autoridad reconozcan que Dios los puso ah\u00ed, y cuando ellos reconocen eso, yo lo veo, me dicen gracias pastor por esa oraci\u00f3n, porque necesitamos que Dios nos dirija\u201d, dijo el pastor Lomel\u00ed. <\/p>\n<p style=\"text-align: justify\"><em>Fuente: <strong>www.MundoCristiano.tv <\/strong><\/em><\/p>\n","protected":false},"excerpt":{"rendered":"<p>Familias enteras se congregaron en la Ciudad de M\u00e9xico para celebrar el D\u00eda Nacional de Oraci\u00f3n. El evento se desarroll\u00f3 en el Z\u00f3calo de la ciudad. Todos son bienvenidos a este magno evento que tiene como objetivo unir en oraci\u00f3n a miles de creyentes concentrados en un solo lugar. \u00bfQu\u00e9 opinas de esta noticia? Ve &hellip; <a href=\"https:\/\/www.biblia.work\/noticias\/miles-celebran-el-dia-nacional-de-oracion-en-el-zocalo-de-la-ciudad-de-mexico\/\" class=\"more-link\">Continuar leyendo<span class=\"screen-reader-text\"> \u00abMiles celebran el D\u00eda Nacional de Oraci\u00f3n en el Z\u00f3calo de la Ciudad de M\u00e9xico\u00bb<\/span><\/a><\/p>\n","protected":false},"author":1,"featured_media":0,"comment_status":"open","ping_status":"closed","sticky":false,"template":"","format":"standard","meta":{"footnotes":""},"categories":[1],"tags":[],"class_list":["post-9273","post","type-post","status-publish","format-standard","hentry","category-general"],"_links":{"self":[{"href":"https:\/\/www.biblia.work\/noticias\/wp-json\/wp\/v2\/posts\/9273","targetHints":{"allow":["GET"]}}],"collection":[{"href":"https:\/\/www.biblia.work\/noticias\/wp-json\/wp\/v2\/posts"}],"about":[{"href":"https:\/\/www.biblia.work\/noticias\/wp-json\/wp\/v2\/types\/post"}],"author":[{"embeddable":true,"href":"https:\/\/www.biblia.work\/noticias\/wp-json\/wp\/v2\/users\/1"}],"replies":[{"embeddable":true,"href":"https:\/\/www.biblia.work\/noticias\/wp-json\/wp\/v2\/comments?post=9273"}],"version-history":[{"count":0,"href":"https:\/\/www.biblia.work\/noticias\/wp-json\/wp\/v2\/posts\/9273\/revisions"}],"wp:attachment":[{"href":"https:\/\/www.biblia.work\/noticias\/wp-json\/wp\/v2\/media?parent=9273"}],"wp:term":[{"taxonomy":"category","embeddable":true,"href":"https:\/\/www.biblia.work\/noticias\/wp-json\/wp\/v2\/categories?post=9273"},{"taxonomy":"post_tag","embeddable":true,"href":"https:\/\/www.biblia.work\/noticias\/wp-json\/wp\/v2\/tags?post=9273"}],"curies":[{"name":"wp","href":"https:\/\/api.w.org\/{rel}","templated":true}]}}