{"id":9285,"date":"2016-11-25T02:15:03","date_gmt":"2016-11-25T07:15:03","guid":{"rendered":"http:\/\/www.biblia.work\/noticias\/calendario-de-las-celebraciones-presididas-por-el-papa-diciembre-2016-a-enero-2017\/"},"modified":"2016-11-25T02:15:03","modified_gmt":"2016-11-25T07:15:03","slug":"calendario-de-las-celebraciones-presididas-por-el-papa-diciembre-2016-a-enero-2017","status":"publish","type":"post","link":"https:\/\/www.biblia.work\/noticias\/calendario-de-las-celebraciones-presididas-por-el-papa-diciembre-2016-a-enero-2017\/","title":{"rendered":"Calendario de las celebraciones presididas por el Papa \u2013 Diciembre 2016 a Enero 2017"},"content":{"rendered":"<p style=\"text-align: justify\">(ZENIT &#8211; Ciudad del Vaticano=- A continuaci\u00f3n publicamos el\u00a0calendario de las celebraciones presididas por el Santo Padre en diciembre de 2016 y enero de 2017<\/p>\n<p style=\"text-align: justify\"><strong>DICIEMBRE 2016<br \/>\n<\/strong><strong>12, lunes:<\/strong> Fiesta de la Bienaventurada Virgen Mar\u00eda de Guadalupe. En la bas\u00edlica de San Pedro a las 18,00 santa misa.<\/p>\n<p style=\"text-align: justify\"><strong>24, s\u00e1bado:<\/strong> Solemnidad de la Natividad del Se\u00f1or. En la bas\u00edlica de San Pedro, a las 21.30, santa misa del Gallo.<\/p>\n<p style=\"text-align: justify\"><strong>25, domingo:<\/strong> Solemnidad de la Natividad del Se\u00f1or. Balc\u00f3n central de la bas\u00edlica de San Pedro , bendici\u00f3n Urbi et Orbi.<\/p>\n<p style=\"text-align: justify\"><strong>31, s\u00e1bado:<\/strong> Solemnidad de Mar\u00eda Sant\u00edsima, madre de Dios. En la bas\u00edlica de San Pedro, a las 17,00, primeras v\u00edsperas y Te Deum en acci\u00f3n de gracias por el a\u00f1o transcurrido.<\/p>\n<p style=\"text-align: justify\">&nbsp;<\/p>\n<p style=\"text-align: justify\"><strong>ENERO 2017<br \/>\n<\/strong><strong>1, domingo:<\/strong> Solemnidad de Mar\u00eda Sant\u00edsima, Madre de Dios y L Jornada Mundial de la Paz. En la bas\u00edlica de San Pedro, a las 10, santa misa.<\/p>\n<p style=\"text-align: justify\"><strong>6, viernes:<\/strong> Solemnidad de la Epifan\u00eda del Se\u00f1or. En la bas\u00edlica de San Pedro, a las 10, santa misa.<\/p>\n<p style=\"text-align: justify\"><strong>8, domingo:<\/strong> Fiesta del bautismo del Se\u00f1or. En la Capilla Sixtina a las 9,30, santa misa y bautismo de algunos ni\u00f1os.<\/p>\n<p style=\"text-align: justify\"><strong>25, mi\u00e9rcoles:<\/strong> Solemnidad de la conversi\u00f3n de san Pablo. En la bas\u00edlica de San Pablo Extramuros, a las 17,30, celebraci\u00f3n de las segundas v\u00edsperas. L semana de oraci\u00f3n por la unidad de los cristianos.<\/p>\n<p><span class=\"et_bloom_bottom_trigger\"><\/span><\/p>\n<p><a href=\"https:\/\/es.zenit.org\/\" target=\"_blank\" rel=\"nofollow\">Fuente: es.zenit.org<\/a><\/p>\n","protected":false},"excerpt":{"rendered":"<p>(ZENIT &#8211; Ciudad del Vaticano=- A continuaci\u00f3n publicamos el\u00a0calendario de las celebraciones presididas por el Santo Padre en diciembre de 2016 y enero de 2017 DICIEMBRE 2016 12, lunes: Fiesta de la Bienaventurada Virgen Mar\u00eda de Guadalupe. En la bas\u00edlica de San Pedro a las 18,00 santa misa. 24, s\u00e1bado: Solemnidad de la Natividad del &hellip; <a href=\"https:\/\/www.biblia.work\/noticias\/calendario-de-las-celebraciones-presididas-por-el-papa-diciembre-2016-a-enero-2017\/\" class=\"more-link\">Continuar leyendo<span class=\"screen-reader-text\"> \u00abCalendario de las celebraciones presididas por el Papa \u2013 Diciembre 2016 a Enero 2017\u00bb<\/span><\/a><\/p>\n","protected":false},"author":1,"featured_media":0,"comment_status":"open","ping_status":"closed","sticky":false,"template":"","format":"standard","meta":{"footnotes":""},"categories":[1],"tags":[],"class_list":["post-9285","post","type-post","status-publish","format-standard","hentry","category-general"],"_links":{"self":[{"href":"https:\/\/www.biblia.work\/noticias\/wp-json\/wp\/v2\/posts\/9285","targetHints":{"allow":["GET"]}}],"collection":[{"href":"https:\/\/www.biblia.work\/noticias\/wp-json\/wp\/v2\/posts"}],"about":[{"href":"https:\/\/www.biblia.work\/noticias\/wp-json\/wp\/v2\/types\/post"}],"author":[{"embeddable":true,"href":"https:\/\/www.biblia.work\/noticias\/wp-json\/wp\/v2\/users\/1"}],"replies":[{"embeddable":true,"href":"https:\/\/www.biblia.work\/noticias\/wp-json\/wp\/v2\/comments?post=9285"}],"version-history":[{"count":0,"href":"https:\/\/www.biblia.work\/noticias\/wp-json\/wp\/v2\/posts\/9285\/revisions"}],"wp:attachment":[{"href":"https:\/\/www.biblia.work\/noticias\/wp-json\/wp\/v2\/media?parent=9285"}],"wp:term":[{"taxonomy":"category","embeddable":true,"href":"https:\/\/www.biblia.work\/noticias\/wp-json\/wp\/v2\/categories?post=9285"},{"taxonomy":"post_tag","embeddable":true,"href":"https:\/\/www.biblia.work\/noticias\/wp-json\/wp\/v2\/tags?post=9285"}],"curies":[{"name":"wp","href":"https:\/\/api.w.org\/{rel}","templated":true}]}}