{"id":9286,"date":"2016-11-25T03:15:02","date_gmt":"2016-11-25T08:15:02","guid":{"rendered":"http:\/\/www.biblia.work\/noticias\/colombia-gobierno-y-guerrilla-firman-un-nuevo-acuerdo\/"},"modified":"2016-11-25T03:15:02","modified_gmt":"2016-11-25T08:15:02","slug":"colombia-gobierno-y-guerrilla-firman-un-nuevo-acuerdo","status":"publish","type":"post","link":"https:\/\/www.biblia.work\/noticias\/colombia-gobierno-y-guerrilla-firman-un-nuevo-acuerdo\/","title":{"rendered":"Colombia: gobierno y guerrilla firman un nuevo acuerdo"},"content":{"rendered":"<p style=\"text-align: justify\">(ZENIT \u2013 Roma).- El presidente Juan Manuel Santos y el exponente FARC, Rodrigo Londo\u00f1o, alias Timochenko, firmaron este e Bogot\u00e1 jueves un nuevo acuerdo de paz que no ser\u00e1 sometido a plebiscito sino solamente a la aprobaci\u00f3n del Congreso.<\/p>\n<p style=\"text-align: justify\">La firma se realiz\u00f3 en una ceremonia en el Teatro Col\u00f3n de la capital antes unos 800 asistentes, simple respecto a la realizada el 26 de septiembre Cartagena ante 2.500 invitados y 15 jefes de Estado. El nuevo texto de 310 p\u00e1ginas, 13 m\u00e1s que las del texto anterior, incluye algunas propuestas de la oposici\u00f3n.<\/p>\n<p style=\"text-align: justify\">El primer acuerdo obtenido despu\u00e9s de tres a\u00f1os de negociados en La Habana entre el Gobierno y la guerrilla, no obtuvo la aprobaci\u00f3n en el referendo del 2 de octubre pasado, en cambio este nuevo acuerdo obtendr\u00eda la mayor\u00eda en el Congreso del pa\u00eds.<\/p>\n<p style=\"text-align: justify\">Los Obispos cat\u00f3licos de Colombia por su parte se\u00f1alaron <span style=\"color: #3366ff\"><a style=\"color: #3366ff\" href=\"https:\/\/www.cec.org.co\/sites\/default\/files\/2016%20La%20paz%20compromiso%20de%20todos.pdf\">en un comunicado<\/a><\/span> que est\u00e1n \u201csiguiendo con atenci\u00f3n los recientes acontecimientos relacionados con el acuerdo entre el Gobierno Nacional y la guerrilla de las FARC-EP, tras los resultados del plebiscito del pasado 2 de octubre. Valoramos que estos meses se hayan convertido en un momento de escucha y de di\u00e1logo en torno a las expresiones del pueblo colombiano sobre cuanto se pact\u00f3 en La Habana\u201d.<\/p>\n<p style=\"text-align: justify\">Por su parte el ex presidente Alvaro Uribe se\u00f1al\u00f3 que \u201cesta decisi\u00f3n desconoce el triunfo del No\u201d y asegur\u00f3 que negar la refrendaci\u00f3n popular es un \u201cgolpe a la democracia\u201d. Entre los puntos que rechaza figura que guerrilleros culpables de delitos atroces puedan presentarse a cargos de elecci\u00f3n antes de cumplir sus penas. Adem\u00e1s pide un inventario de bienes que las FARC deber\u00e1n entregar para reparar v\u00edctimas.<\/p>\n<p style=\"text-align: justify\">Otro de los puntos pol\u00e9micos del acuerdo es la ideolog\u00eda del g\u00e9nero, a pesar que los 155 enfoques del primer acuerdo ahora se hayan reducido a 55. Una campa\u00f1a para eliminar esta tem\u00e1tica de los acuerdos de paz que ha recogido en menos de 24 horas mas de 21 mil firmas. Piden a las autoridades del pa\u00eds que los Acuerdos de Paz no modifiquen la Constituci\u00f3n en aspectos relacionados con g\u00e9nero, la familia y los derechos de sus integrantes, derecho a la vida del no nacido, autonom\u00eda educativa de los padres en la educaci\u00f3n de sus hijos, derechos de minor\u00edas o de grupos hist\u00f3ricamente discriminados, libertad religiosa libertad de cultos y libertad de conciencia.<\/p>\n<p style=\"text-align: justify\">El acuerdo contempla que las FARC deber\u00e1n reunirse en zonas determinadas bajo supervisi\u00f3n de la ONU, en donde dejar\u00e1n progresivamente sus armas durante los pr\u00f3ximos seis meses.<\/p>\n<p><span class=\"et_bloom_bottom_trigger\"><\/span><\/p>\n<p><a href=\"https:\/\/es.zenit.org\/\" target=\"_blank\" rel=\"nofollow\">Fuente: es.zenit.org<\/a><\/p>\n","protected":false},"excerpt":{"rendered":"<p>(ZENIT \u2013 Roma).- El presidente Juan Manuel Santos y el exponente FARC, Rodrigo Londo\u00f1o, alias Timochenko, firmaron este e Bogot\u00e1 jueves un nuevo acuerdo de paz que no ser\u00e1 sometido a plebiscito sino solamente a la aprobaci\u00f3n del Congreso. La firma se realiz\u00f3 en una ceremonia en el Teatro Col\u00f3n de la capital antes unos &hellip; <a href=\"https:\/\/www.biblia.work\/noticias\/colombia-gobierno-y-guerrilla-firman-un-nuevo-acuerdo\/\" class=\"more-link\">Continuar leyendo<span class=\"screen-reader-text\"> \u00abColombia: gobierno y guerrilla firman un nuevo acuerdo\u00bb<\/span><\/a><\/p>\n","protected":false},"author":1,"featured_media":0,"comment_status":"open","ping_status":"closed","sticky":false,"template":"","format":"standard","meta":{"footnotes":""},"categories":[1],"tags":[],"class_list":["post-9286","post","type-post","status-publish","format-standard","hentry","category-general"],"_links":{"self":[{"href":"https:\/\/www.biblia.work\/noticias\/wp-json\/wp\/v2\/posts\/9286","targetHints":{"allow":["GET"]}}],"collection":[{"href":"https:\/\/www.biblia.work\/noticias\/wp-json\/wp\/v2\/posts"}],"about":[{"href":"https:\/\/www.biblia.work\/noticias\/wp-json\/wp\/v2\/types\/post"}],"author":[{"embeddable":true,"href":"https:\/\/www.biblia.work\/noticias\/wp-json\/wp\/v2\/users\/1"}],"replies":[{"embeddable":true,"href":"https:\/\/www.biblia.work\/noticias\/wp-json\/wp\/v2\/comments?post=9286"}],"version-history":[{"count":0,"href":"https:\/\/www.biblia.work\/noticias\/wp-json\/wp\/v2\/posts\/9286\/revisions"}],"wp:attachment":[{"href":"https:\/\/www.biblia.work\/noticias\/wp-json\/wp\/v2\/media?parent=9286"}],"wp:term":[{"taxonomy":"category","embeddable":true,"href":"https:\/\/www.biblia.work\/noticias\/wp-json\/wp\/v2\/categories?post=9286"},{"taxonomy":"post_tag","embeddable":true,"href":"https:\/\/www.biblia.work\/noticias\/wp-json\/wp\/v2\/tags?post=9286"}],"curies":[{"name":"wp","href":"https:\/\/api.w.org\/{rel}","templated":true}]}}