{"id":9290,"date":"2016-11-25T07:15:02","date_gmt":"2016-11-25T12:15:02","guid":{"rendered":"http:\/\/www.biblia.work\/noticias\/el-papa-en-sta-marta-la-condena-eterna-es-alejarse-del-senor-y-no-una-sala-de-torturas\/"},"modified":"2016-11-25T07:15:02","modified_gmt":"2016-11-25T12:15:02","slug":"el-papa-en-sta-marta-la-condena-eterna-es-alejarse-del-senor-y-no-una-sala-de-torturas","status":"publish","type":"post","link":"https:\/\/www.biblia.work\/noticias\/el-papa-en-sta-marta-la-condena-eterna-es-alejarse-del-senor-y-no-una-sala-de-torturas\/","title":{"rendered":"El Papa en Sta. Marta: la condena eterna es alejarse del Se\u00f1or y no una sala de torturas"},"content":{"rendered":"<p style=\"text-align: justify\">(ZENIT &#8211; Ciudad del Vaticano).-\u00a0Elegir alejarse del Se\u00f1or es la condena eterna. Lo ha indicado el papa Francisco en la misa matutina que celebra cada d\u00eda en la residencia Santa Marta, en estos dos \u00faltimos d\u00edas del a\u00f1o lit\u00fargico, cuando la Iglesia reflexiona sobre el fin del mundo y del encuentro con Jes\u00fas.<\/p>\n<p style=\"text-align: justify\">Y advirti\u00f3 que con el diablo no se habla, nunca, porque es &#8220;mentiroso&#8221; y &#8220;estafador&#8221;, \u201cbusca nuestra ruina&#8221; y &#8220;por esto ser\u00e1 arrojado al abismo&#8221;.<\/p>\n<p style=\"text-align: justify\">En cambio debemos \u201c&#8221;abrir el coraz\u00f3n&#8221;, como Jes\u00fas nos pide para tener &#8220;la alegr\u00eda y la salvaci\u00f3n&#8221;.<\/p>\n<p style=\"text-align: justify\">El primero en ser juzgado, record\u00f3 Francisco, es el &#8220;drag\u00f3n, la serpiente antigua, que es el diablo&#8221;, y que el \u00e1ngel descendido del cielo lanza al Abismo, encadenado, para que &#8220;no enga\u00f1e a las naciones, porque \u00e9l es un impostor&#8221;,<\/p>\n<p style=\"text-align: justify\">Y subraya Francisco que &#8220;\u00e9l es un mentiroso, a\u00fan m\u00e1s: es el padre de la mentira, \u00e9l genera mentiras, es un estafador que hace creer que si se come esta manzana ser\u00e1 como un Dios.<\/p>\n<p style=\"text-align: justify\">Nos la vende bien y uno se la compra y as\u00ed estafa, enga\u00f1a, arruina la vida.<\/p>\n<p style=\"text-align: justify\">&#8216;Pero, padre, \u00bfc\u00f3mo podemos hacer para no ser enga\u00f1ado por el diablo?\u2019 Jes\u00fas nos ense\u00f1a: Con el diablo no se dialoga \u00bfQu\u00e9 hizo Jes\u00fas con el diablo? Lo echaba, le pregunt\u00f3 el nombre pero no dialog\u00f3.<\/p>\n<p style=\"text-align: justify\">Incluso en el desierto Jes\u00fas en las tres respuestas que ha dado al diablo, se defendi\u00f3 con \u201cla palabra de Dios&#8221;, la &#8220;palabra de la Biblia&#8221;.<\/p>\n<p style=\"text-align: justify\">En la p\u00e1gina del Apocalipsis aparecen, entonces, las almas de los m\u00e1rtires, los &#8220;humildes&#8221; que han dado testimonio de Jesucristo, y no han adorado al diablo y sus seguidores, como son &#8220;el dinero, la mundanidad, la vanidad&#8221;.<\/p>\n<p style=\"text-align: justify\">El Se\u00f1or juzgar\u00e1 a &#8220;grandes y peque\u00f1os&#8221; por sus obras, tambi\u00e9n se lee en el Apocalipsis, y los condenados ser\u00e1n arrojados al &#8220;esta\u00f1o de fuego&#8221;.<\/p>\n<p style=\"text-align: justify\">Y sobre esta segunda muerte el Papa se\u00f1ala que\u00a0&#8220;la condenaci\u00f3n eterna no es una c\u00e1mara de tortura, esta es una descripci\u00f3n de esta segunda muerte: es una muerte. Y los que no sean recibidos en el reino de Dios es porque no se han acercado al Se\u00f1or.<\/p>\n<p style=\"text-align: justify\">Son los que siempre iban por su camino, alej\u00e1ndose del Se\u00f1or. \u201cEste alejarse continuamente de Dios es la condenaci\u00f3n eterna&#8221;.<\/p>\n<p style=\"text-align: justify\">Alejarse para siempre del &#8220;Dios quenos da la felicidad&#8221;, del &#8220;Dios que nos ama tanto&#8221;, este es el &#8220;fuego&#8221;, reitera el Papa, este &#8220;es el camino de la condenaci\u00f3n eterna&#8221;.<\/p>\n<p style=\"text-align: justify\">Pero la \u00faltima imagen del Apocalipsis se abre a la esperanza e incluso Francisco lo hace: si &#8220;abrimos el coraz\u00f3n&#8221;, como Jes\u00fas nos pide, y no vamos por el camino que nos aleja, vamos a tener &#8220;la alegr\u00eda y la salvaci\u00f3n&#8221;, &#8220;El cielo y la tierra nueva&#8221; de la que se habla en la primera lectura.<\/p>\n<p style=\"text-align: justify\">Dej\u00e9monos por lo tanto &#8220;acariciar&#8221; y &#8220;perdonar&#8221; por Jes\u00fas, sin orgullo, pero con esperanza, esta es la invitaci\u00f3n final.<\/p>\n<p style=\"text-align: justify\">&#8220;La esperanza que abre los corazones al encuentro con Jes\u00fas\u201d. Esto es hermoso.\u00a0Y \u00c9l nos pide que seamos humildes y digamos, &#8216;Se\u00f1or&#8217;. S\u00f3lo esa palabra y \u00c9l har\u00e1 el resto&#8221;<\/p>\n<p><span class=\"et_bloom_bottom_trigger\"><\/span><\/p>\n<p><a href=\"https:\/\/es.zenit.org\/\" target=\"_blank\" rel=\"nofollow\">Fuente: es.zenit.org<\/a><\/p>\n","protected":false},"excerpt":{"rendered":"<p>(ZENIT &#8211; Ciudad del Vaticano).-\u00a0Elegir alejarse del Se\u00f1or es la condena eterna. Lo ha indicado el papa Francisco en la misa matutina que celebra cada d\u00eda en la residencia Santa Marta, en estos dos \u00faltimos d\u00edas del a\u00f1o lit\u00fargico, cuando la Iglesia reflexiona sobre el fin del mundo y del encuentro con Jes\u00fas. Y advirti\u00f3 &hellip; <a href=\"https:\/\/www.biblia.work\/noticias\/el-papa-en-sta-marta-la-condena-eterna-es-alejarse-del-senor-y-no-una-sala-de-torturas\/\" class=\"more-link\">Continuar leyendo<span class=\"screen-reader-text\"> \u00abEl Papa en Sta. Marta: la condena eterna es alejarse del Se\u00f1or y no una sala de torturas\u00bb<\/span><\/a><\/p>\n","protected":false},"author":1,"featured_media":0,"comment_status":"open","ping_status":"closed","sticky":false,"template":"","format":"standard","meta":{"footnotes":""},"categories":[1],"tags":[],"class_list":["post-9290","post","type-post","status-publish","format-standard","hentry","category-general"],"_links":{"self":[{"href":"https:\/\/www.biblia.work\/noticias\/wp-json\/wp\/v2\/posts\/9290","targetHints":{"allow":["GET"]}}],"collection":[{"href":"https:\/\/www.biblia.work\/noticias\/wp-json\/wp\/v2\/posts"}],"about":[{"href":"https:\/\/www.biblia.work\/noticias\/wp-json\/wp\/v2\/types\/post"}],"author":[{"embeddable":true,"href":"https:\/\/www.biblia.work\/noticias\/wp-json\/wp\/v2\/users\/1"}],"replies":[{"embeddable":true,"href":"https:\/\/www.biblia.work\/noticias\/wp-json\/wp\/v2\/comments?post=9290"}],"version-history":[{"count":0,"href":"https:\/\/www.biblia.work\/noticias\/wp-json\/wp\/v2\/posts\/9290\/revisions"}],"wp:attachment":[{"href":"https:\/\/www.biblia.work\/noticias\/wp-json\/wp\/v2\/media?parent=9290"}],"wp:term":[{"taxonomy":"category","embeddable":true,"href":"https:\/\/www.biblia.work\/noticias\/wp-json\/wp\/v2\/categories?post=9290"},{"taxonomy":"post_tag","embeddable":true,"href":"https:\/\/www.biblia.work\/noticias\/wp-json\/wp\/v2\/tags?post=9290"}],"curies":[{"name":"wp","href":"https:\/\/api.w.org\/{rel}","templated":true}]}}