{"id":9291,"date":"2016-11-25T07:15:02","date_gmt":"2016-11-25T12:15:02","guid":{"rendered":"http:\/\/www.biblia.work\/noticias\/se-reune-en-el-vaticano-la-comision-de-estudio-sobre-el-diaconado-femenino\/"},"modified":"2016-11-25T07:15:02","modified_gmt":"2016-11-25T12:15:02","slug":"se-reune-en-el-vaticano-la-comision-de-estudio-sobre-el-diaconado-femenino","status":"publish","type":"post","link":"https:\/\/www.biblia.work\/noticias\/se-reune-en-el-vaticano-la-comision-de-estudio-sobre-el-diaconado-femenino\/","title":{"rendered":"Se re\u00fane en el Vaticano la comisi\u00f3n de estudio sobre el diaconado femenino"},"content":{"rendered":"<p style=\"text-align: justify\">(ZENIT- La primera reuni\u00f3n de la Comisi\u00f3n de estudio sobre el diaconado de las mujeres, instituida por el santo padre Francisco el pasado 2 de agosto se realiz\u00f3 hoy en el Vaticano.<\/p>\n<p style=\"text-align: justify\">Lo inform\u00f3 la Oficina de prensa de la Santa Sede, precisando que la finalidad de la misma es profundizar y hacer un estudio objetivo de la situaci\u00f3n del diaconado en los primeros tiempos de la Iglesia.<\/p>\n<p style=\"text-align: justify\">La nota a\u00f1ade que bajo la presidencia de Mons. Ladaria, los miembros de la Comisi\u00f3n se re\u00fanen durante dos jornadas, en la sede de la Congregaci\u00f3n para la doctrina de la Fe.<\/p>\n<p style=\"text-align: justify\">El papa Francisco concedi\u00f3 el 12 de mayo de este a\u00f1o, una audiencia en el Vaticano a unas 900 religiosas de la Uni\u00f3n Internacional de Superioras Generales (UISG), reunidas en asamblea plenaria. Respondiendo a las preguntas de las religiosas, el Papa afirm\u00f3 que se podr\u00eda crear una comisi\u00f3n que estudie la posibilidad del diaconado para las mujeres.<\/p>\n<p style=\"text-align: justify\">El diaconado hoy es el primer grado del orden sagrado que permite leer o cantar el Evangelio durante la misa y la predicaci\u00f3n, administrar el bautismo, asistir el\u00a0matrimonio, realizar la bendici\u00f3n eucar\u00edstica, celebrar las exequias.<\/p>\n<p style=\"text-align: justify\">El Catecismo de la Iglesia Cat\u00f3lica indica:\u00a0\u201cLa doctrina cat\u00f3lica, expresada en la liturgia, el magisterio y la pr\u00e1ctica constante de la Iglesia, reconoce que existen dos grados de participaci\u00f3n ministerial en el sacerdocio de Cristo: el episcopado y el presbiterado. El diaconado est\u00e1 destinado a ayudarles y a servirles. Por eso, el t\u00e9rmino sacerdos designa, en el uso actual, a los obispos y a los presb\u00edteros, pero no a los di\u00e1conos. Sin embargo, la doctrina cat\u00f3lica ense\u00f1a que los grados de participaci\u00f3n sacerdotal (episcopado y presbiterado) y el grado de servicio (diaconado) son los tres conferidos por un acto sacramental llamado \u201cordenaci\u00f3n\u201d, es decir, por el sacramento del Orden\u201d.<\/p>\n<p style=\"text-align: justify\">El Santo Padre ha precisado que cuando se habla de las mujeres di\u00e1conos en los primeros siglos de la Iglesia, no se sabe realmente qu\u00e9 papel desarrollaban y sobre todo si hab\u00edan sido ordenadas o no. \u201c\u00bfEn cuanto a crear una comisi\u00f3n oficial que pueda estudiar la cuesti\u00f3n?\u201d. Creo que s\u00ed, ha respondido el Pont\u00edfice. \u201cCreo que har\u00e1 bien a la Iglesia aclarar este punto; estoy de acuerdo y hablar\u00e9 para hacer algo de este tipo\u201d, dijo.<\/p>\n<p style=\"text-align: justify\">Pocos d\u00edas despu\u00e9s del encuentro, el entonces portavoz del Vaticano, el padre Federico\u00a0Lombardi precis\u00f3 que fue una hermosa conversaci\u00f3n que el papa Francisco tuvo con las superioras de las religiosas, provenientes de diversas partes del mundo y del hecho\u00a0que pueden dar un\u00a0servicio importante en\u00a0los dicasterios, desde que no haya implicaci\u00f3n sacerdotal.<\/p>\n<p style=\"text-align: justify\">Por lo que se refiere a la posibilidad de hacer la\u00a0pr\u00e9dica durante la celebraci\u00f3n eucar\u00edstica el Papa \u201cdio a entender que no piensa absolutamente en esto. De todos modos es equivocado reducir todas las cosas importantes que el Papa les dijo a las religiosas a ese \u00fanico tema\u201d, concluy\u00f3.<\/p>\n<p style=\"text-align: justify\">&nbsp;<\/p>\n<p style=\"text-align: justify\">Al d\u00eda siguiente del\u00a0encuentro que el Papa tuvo con las superioras generales, y ante algunos t\u00edtulos de peri\u00f3dicos sobre el tema del diaconado femenino, Mons. Becciu de la Secretar\u00eda de Estado escribi\u00f3 en un tweet: \u201cEl Papa me llam\u00f3 por tel\u00e9fono sorprendido sobre las \u2026 diaconesas\u201d. Piensa a una comisi\u00f3n. \u00a1No apuremos las conclusiones!\u201d<\/p>\n<p><span class=\"et_bloom_bottom_trigger\"><\/span><\/p>\n<p><a href=\"https:\/\/es.zenit.org\/\" target=\"_blank\" rel=\"nofollow\">Fuente: es.zenit.org<\/a><\/p>\n","protected":false},"excerpt":{"rendered":"<p>(ZENIT- La primera reuni\u00f3n de la Comisi\u00f3n de estudio sobre el diaconado de las mujeres, instituida por el santo padre Francisco el pasado 2 de agosto se realiz\u00f3 hoy en el Vaticano. Lo inform\u00f3 la Oficina de prensa de la Santa Sede, precisando que la finalidad de la misma es profundizar y hacer un estudio &hellip; <a href=\"https:\/\/www.biblia.work\/noticias\/se-reune-en-el-vaticano-la-comision-de-estudio-sobre-el-diaconado-femenino\/\" class=\"more-link\">Continuar leyendo<span class=\"screen-reader-text\"> \u00abSe re\u00fane en el Vaticano la comisi\u00f3n de estudio sobre el diaconado femenino\u00bb<\/span><\/a><\/p>\n","protected":false},"author":1,"featured_media":0,"comment_status":"open","ping_status":"closed","sticky":false,"template":"","format":"standard","meta":{"footnotes":""},"categories":[1],"tags":[],"class_list":["post-9291","post","type-post","status-publish","format-standard","hentry","category-general"],"_links":{"self":[{"href":"https:\/\/www.biblia.work\/noticias\/wp-json\/wp\/v2\/posts\/9291","targetHints":{"allow":["GET"]}}],"collection":[{"href":"https:\/\/www.biblia.work\/noticias\/wp-json\/wp\/v2\/posts"}],"about":[{"href":"https:\/\/www.biblia.work\/noticias\/wp-json\/wp\/v2\/types\/post"}],"author":[{"embeddable":true,"href":"https:\/\/www.biblia.work\/noticias\/wp-json\/wp\/v2\/users\/1"}],"replies":[{"embeddable":true,"href":"https:\/\/www.biblia.work\/noticias\/wp-json\/wp\/v2\/comments?post=9291"}],"version-history":[{"count":0,"href":"https:\/\/www.biblia.work\/noticias\/wp-json\/wp\/v2\/posts\/9291\/revisions"}],"wp:attachment":[{"href":"https:\/\/www.biblia.work\/noticias\/wp-json\/wp\/v2\/media?parent=9291"}],"wp:term":[{"taxonomy":"category","embeddable":true,"href":"https:\/\/www.biblia.work\/noticias\/wp-json\/wp\/v2\/categories?post=9291"},{"taxonomy":"post_tag","embeddable":true,"href":"https:\/\/www.biblia.work\/noticias\/wp-json\/wp\/v2\/tags?post=9291"}],"curies":[{"name":"wp","href":"https:\/\/api.w.org\/{rel}","templated":true}]}}