{"id":9292,"date":"2016-11-25T07:40:05","date_gmt":"2016-11-25T12:40:05","guid":{"rendered":"http:\/\/www.biblia.work\/noticias\/homilia-del-papa-elegir-alejarse-del-senor-es-la-condenacion-eterna\/"},"modified":"2016-11-25T07:40:05","modified_gmt":"2016-11-25T12:40:05","slug":"homilia-del-papa-elegir-alejarse-del-senor-es-la-condenacion-eterna","status":"publish","type":"post","link":"https:\/\/www.biblia.work\/noticias\/homilia-del-papa-elegir-alejarse-del-senor-es-la-condenacion-eterna\/","title":{"rendered":"Homil\u00eda del Papa: Elegir alejarse del Se\u00f1or es la condenaci\u00f3n eterna"},"content":{"rendered":"<p> <img src='http:\/\/media02.radiovaticana.va\/photo\/2016\/11\/24\/RV21458_Thumbnail.jpg' alt='' align='left' hspace='5'> <\/p>\n<p>(RV).- La Congregaci&oacute;n para los&nbsp;Institutos de Vida Consagrada y de las Sociedades de Vida Apost&oacute;lica celebra el <strong>II Simposio Internacional<\/strong>, que tendr&aacute; lugar en Roma del 25 al 27 de noviembre de 2016, en el Auditorio de la Universidad Pontificia Antonianum.<\/p>\n<p><span><br \/>\n<audio class=\"video-js vjs-default-skin vjs-big-play-button-centered rv-custom-audio\" controls=\"\" id=\"audioItem_8961244\" preload=\"none\"><\/audio><br \/>\n<span class=\"rv-audio-download\"><a href=\"http:\/\/media02.radiovaticana.va\/audio\/audio2\/mp3\/00559097.mp3\" title=\"Download audio\"><img decoding=\"async\" src=\"http:\/\/es.radiovaticana.va\/Modules\/Presentation\/Styles\/images-common\/icons\/download-audio-mp3_off.png\" style=\"height: 30px\" \/><\/a><\/span> <\/span>&nbsp; &nbsp;&nbsp; &nbsp;<\/p>\n<p>Bajo el t&iacute;tulo &ldquo;En fidelidad al carisma, reconsiderar la econom&iacute;a&rdquo;, este Dicasterio tiene como objetivo principal continuar la reflexi&oacute;n ya iniciada en marzo de 2014 durante el primer Simposio Internacional para ec&oacute;nomos.&nbsp;Monse&ntilde;or Jos&eacute; Rodr&iacute;guez Carballo,&nbsp;secretario de la Congregaci&oacute;n para los&nbsp;Institutos de Vida Consagrada y de las Sociedades de Vida Apost&oacute;lica, explica que en una carta dirigida a todos los superiores generales, han pedido &quot;aportaciones teniendo en cuenta el texto base&quot;, gracias a las cuales han organizado el<strong> II Simposio<\/strong>, que fundamentalmente tiene como tema&nbsp;&quot;La gesti&oacute;n de las obras de los institutos religiosos a la luz del carisma&quot; y el foco puesto en los pobres: &quot;Los pobres son los privilegiados del reino&nbsp;y por tanto de la misi&oacute;n de la Iglesia y de los institutos religiosos&quot;, asegura el Arzobispo espa&ntilde;ol,<span style=\"line-height: 1.6\">&nbsp;qui&eacute;n en entrevista para Radio Vaticana, explica por qu&eacute; se celebra este II Simposio Internacional, cu&aacute;les ser&aacute;n los&nbsp;temas principales, define el t&eacute;rmino&nbsp;&quot; ec&oacute;nomo&quot;, as&iacute; como la diferencia entre una&nbsp;reuni&oacute;n de&nbsp;ec&oacute;nomos religiosos&nbsp;y una reuni&oacute;n de una&nbsp;empresa de comercio; y concluye finalmente con un&nbsp;mensaje&nbsp;para nuestros oyentes.<\/span><\/p>\n<p>(Mireia Bonilla para RV) &nbsp; &nbsp; &nbsp; &nbsp;<\/p>\n<div>&nbsp;<\/div>\n<p><a href=\"http:\/\/es.radiovaticana.va\" target=\"_blank\" rel=\"nofollow\">Fuente: es.radiovaticana.va<\/a><\/p>\n","protected":false},"excerpt":{"rendered":"<p>(RV).- La Congregaci&oacute;n para los&nbsp;Institutos de Vida Consagrada y de las Sociedades de Vida Apost&oacute;lica celebra el II Simposio Internacional, que tendr&aacute; lugar en Roma del 25 al 27 de noviembre de 2016, en el Auditorio de la Universidad Pontificia Antonianum. &nbsp; &nbsp;&nbsp; &nbsp; Bajo el t&iacute;tulo &ldquo;En fidelidad al carisma, reconsiderar la econom&iacute;a&rdquo;, este &hellip; <a href=\"https:\/\/www.biblia.work\/noticias\/homilia-del-papa-elegir-alejarse-del-senor-es-la-condenacion-eterna\/\" class=\"more-link\">Continuar leyendo<span class=\"screen-reader-text\"> \u00abHomil\u00eda del Papa: Elegir alejarse del Se\u00f1or es la condenaci\u00f3n eterna\u00bb<\/span><\/a><\/p>\n","protected":false},"author":1,"featured_media":0,"comment_status":"open","ping_status":"closed","sticky":false,"template":"","format":"standard","meta":{"footnotes":""},"categories":[1],"tags":[],"class_list":["post-9292","post","type-post","status-publish","format-standard","hentry","category-general"],"_links":{"self":[{"href":"https:\/\/www.biblia.work\/noticias\/wp-json\/wp\/v2\/posts\/9292","targetHints":{"allow":["GET"]}}],"collection":[{"href":"https:\/\/www.biblia.work\/noticias\/wp-json\/wp\/v2\/posts"}],"about":[{"href":"https:\/\/www.biblia.work\/noticias\/wp-json\/wp\/v2\/types\/post"}],"author":[{"embeddable":true,"href":"https:\/\/www.biblia.work\/noticias\/wp-json\/wp\/v2\/users\/1"}],"replies":[{"embeddable":true,"href":"https:\/\/www.biblia.work\/noticias\/wp-json\/wp\/v2\/comments?post=9292"}],"version-history":[{"count":0,"href":"https:\/\/www.biblia.work\/noticias\/wp-json\/wp\/v2\/posts\/9292\/revisions"}],"wp:attachment":[{"href":"https:\/\/www.biblia.work\/noticias\/wp-json\/wp\/v2\/media?parent=9292"}],"wp:term":[{"taxonomy":"category","embeddable":true,"href":"https:\/\/www.biblia.work\/noticias\/wp-json\/wp\/v2\/categories?post=9292"},{"taxonomy":"post_tag","embeddable":true,"href":"https:\/\/www.biblia.work\/noticias\/wp-json\/wp\/v2\/tags?post=9292"}],"curies":[{"name":"wp","href":"https:\/\/api.w.org\/{rel}","templated":true}]}}