{"id":9295,"date":"2016-11-25T08:15:02","date_gmt":"2016-11-25T13:15:02","guid":{"rendered":"http:\/\/www.biblia.work\/noticias\/obispos-del-sedac-envian-un-mensaje-al-concluir-su-asamblea\/"},"modified":"2016-11-25T08:15:02","modified_gmt":"2016-11-25T13:15:02","slug":"obispos-del-sedac-envian-un-mensaje-al-concluir-su-asamblea","status":"publish","type":"post","link":"https:\/\/www.biblia.work\/noticias\/obispos-del-sedac-envian-un-mensaje-al-concluir-su-asamblea\/","title":{"rendered":"Obispos del SEDAC env\u00edan un mensaje al concluir su asamblea"},"content":{"rendered":"<p style=\"text-align: justify\">(ZENIT \u2013 Roma).- Los obispos de Am\u00e9rica Central y el Caribe (SEDAC) reunidos del 21 al 25 de noviembre en la ciudad de Guatemala, publicaron un mensaje, tras haber debatido temas como la migraci\u00f3n, el cuidado de la creaci\u00f3n, la aplicaci\u00f3n de la exhortaci\u00f3n apost\u00f3lica post-sinodal Amoris Laetitia y los preparativos de la Jornada Mundial de la Juventud 2019 en Panam\u00e1.<\/p>\n<p style=\"text-align: justify\">Los 60 obispos que conforman el SEDAC han mostrado su preocupaci\u00f3n por diversas situaciones tales como el deterioro de la democracia en la regi\u00f3n centroamericana, la explotaci\u00f3n no sostenible de los recursos naturales por parte de algunas empresas, as\u00ed como sobre la violencia en todas sus formas y la brecha existente entre ricos y pobres.<\/p>\n<p style=\"text-align: justify\">Durante la asamblea los obispos\u00a0han elegido como nuevo presidente del SEDAC a monse\u00f1or Jos\u00e9 Luis Escobar Alas, arzobispo de San Salvador (El Salvador) y como vicepresidente a monse\u00f1or Gregorio Rosa Ch\u00e1vez (auxiliar de San Salvador).<\/p>\n<p style=\"text-align: justify\">El encuentro concluy\u00f3 con un mensaje de los obispos a las Iglesias de Am\u00e9rica Central, en el que reafirman su comuni\u00f3n y cercan\u00eda con el Papa Francisco.<\/p>\n<p style=\"text-align: justify\">La presente reuni\u00f3n tuvo como escenario el azote del Hurac\u00e1n Otto en Nicaragua, Panam\u00e1 y Costa Rica, as\u00ed como un terremoto de magnitud 7,2 en la escala de Richter, motivo por el cual los arzobispos de Panam\u00e1, Jos\u00e9 Domingo Ulloa, OSA., y el arzobispo de Managua, cardenal Leopoldo Brenes Sol\u00f3rzano, han manifestado su cercan\u00eda y oraci\u00f3n a las v\u00edctimas y familiares de estos eventos naturales.<\/p>\n<p style=\"text-align: justify\">As\u00ed los obispos exhortan \u201ca detener la depredaci\u00f3n irresponsable de la creaci\u00f3n a causa de intereses econ\u00f3micos ego\u00edstas, promover un modelo de producci\u00f3n que asegure bienes naturales para todos y para las generaciones futuras, asumir un estilo de vida m\u00e1s sobrio y vivir seg\u00fan una \u00e9tica ecol\u00f3gica fundada en el reconocimiento de que todas las criaturas surgidas del amor creador de Dios existen interrelacionadas, por lo que cada una debe ser valorada con afecto y admiraci\u00f3n, haciendo inseparables el cuidado de la creaci\u00f3n, la justicia social y el compromiso por la paz\u201d.<\/p>\n<p style=\"text-align: justify\">Al abrir los trabajos, Mons. Ulloa Mendieta ha invitado a rezar por las muertes causadas por el hurac\u00e1n Otto.<\/p>\n<p style=\"text-align: justify\"><span style=\"color: #3366ff\"><a style=\"color: #3366ff\" href=\"http:\/\/www.sedac.info\/images\/documen\/MENSAJEASAMBLEA2016.pdf\">El mensaje completo del Sedac<\/a><\/span><\/p>\n<p><span class=\"et_bloom_bottom_trigger\"><\/span><\/p>\n<p><a href=\"https:\/\/es.zenit.org\/\" target=\"_blank\" rel=\"nofollow\">Fuente: es.zenit.org<\/a><\/p>\n","protected":false},"excerpt":{"rendered":"<p>(ZENIT \u2013 Roma).- Los obispos de Am\u00e9rica Central y el Caribe (SEDAC) reunidos del 21 al 25 de noviembre en la ciudad de Guatemala, publicaron un mensaje, tras haber debatido temas como la migraci\u00f3n, el cuidado de la creaci\u00f3n, la aplicaci\u00f3n de la exhortaci\u00f3n apost\u00f3lica post-sinodal Amoris Laetitia y los preparativos de la Jornada Mundial &hellip; <a href=\"https:\/\/www.biblia.work\/noticias\/obispos-del-sedac-envian-un-mensaje-al-concluir-su-asamblea\/\" class=\"more-link\">Continuar leyendo<span class=\"screen-reader-text\"> \u00abObispos del SEDAC env\u00edan un mensaje al concluir su asamblea\u00bb<\/span><\/a><\/p>\n","protected":false},"author":1,"featured_media":0,"comment_status":"open","ping_status":"closed","sticky":false,"template":"","format":"standard","meta":{"footnotes":""},"categories":[1],"tags":[],"class_list":["post-9295","post","type-post","status-publish","format-standard","hentry","category-general"],"_links":{"self":[{"href":"https:\/\/www.biblia.work\/noticias\/wp-json\/wp\/v2\/posts\/9295","targetHints":{"allow":["GET"]}}],"collection":[{"href":"https:\/\/www.biblia.work\/noticias\/wp-json\/wp\/v2\/posts"}],"about":[{"href":"https:\/\/www.biblia.work\/noticias\/wp-json\/wp\/v2\/types\/post"}],"author":[{"embeddable":true,"href":"https:\/\/www.biblia.work\/noticias\/wp-json\/wp\/v2\/users\/1"}],"replies":[{"embeddable":true,"href":"https:\/\/www.biblia.work\/noticias\/wp-json\/wp\/v2\/comments?post=9295"}],"version-history":[{"count":0,"href":"https:\/\/www.biblia.work\/noticias\/wp-json\/wp\/v2\/posts\/9295\/revisions"}],"wp:attachment":[{"href":"https:\/\/www.biblia.work\/noticias\/wp-json\/wp\/v2\/media?parent=9295"}],"wp:term":[{"taxonomy":"category","embeddable":true,"href":"https:\/\/www.biblia.work\/noticias\/wp-json\/wp\/v2\/categories?post=9295"},{"taxonomy":"post_tag","embeddable":true,"href":"https:\/\/www.biblia.work\/noticias\/wp-json\/wp\/v2\/tags?post=9295"}],"curies":[{"name":"wp","href":"https:\/\/api.w.org\/{rel}","templated":true}]}}