{"id":9303,"date":"2016-11-25T11:10:02","date_gmt":"2016-11-25T16:10:02","guid":{"rendered":"http:\/\/www.biblia.work\/noticias\/estado-islamico-crucifica-cristiano-si-amas-a-jesus-morira-como-el\/"},"modified":"2016-11-25T11:10:02","modified_gmt":"2016-11-25T16:10:02","slug":"estado-islamico-crucifica-cristiano-si-amas-a-jesus-morira-como-el","status":"publish","type":"post","link":"https:\/\/www.biblia.work\/noticias\/estado-islamico-crucifica-cristiano-si-amas-a-jesus-morira-como-el\/","title":{"rendered":"Estado Isl\u00e1mico crucifica cristiano: \u201cSi amas a Jes\u00fas, morir\u00e1 como \u00e9l\u201d"},"content":{"rendered":"<p style=\"text-align: justify\">IRAK. &#8211; Un cristiano que escap\u00f3 de una ciudad cerca de Qaraqosh, controlada por el Estado Isl\u00e1mico, comparti\u00f3 c\u00f3mo los militantes violentamente crucificaron a su hermano, &#8220;tal como Jes\u00fas&#8221; y obligaron a su esposa e hijos de la v\u00edctima para que vieran todo.<\/p>\n<p style=\"text-align: justify\">Esam, el cual es padre de tres hijos, dijo a la organizaci\u00f3n &#8216;World Watch Monitor&#8217; que varios familiares de su esposa no pudieron escapar de Qaraqosh antes de que el Estado Isl\u00e1mico pasase por la ciudad predominantemente cristiana en 2014. Al igual que todos los cristianos de la zona, la familia tambi\u00e9n recibi\u00f3 un ultim\u00e1tum: &#8220;Sal, convi\u00e9rtete al islam o paga un impuesto de protecci\u00f3n (jiyza) o ser\u00e1s asesinado&#8221;. \u00a0Los que se negaron a cumplir con los requisitos del Estado isl\u00e1mico no han sido perdonados por el grupo terrorista.<\/p>\n<p style=\"text-align: justify\">&#8220;El hermano de mi esposa fue crucificado por Daesh&#8221;, dijo Esam, utilizando otro nombre para referirse al Estado isl\u00e1mico. &#8220;\u00c9l fue crucificado y torturado en presencia de su esposa e hijos, que fueron obligados a llevar un registro de todo. Los terroristas dijeron que los que amaban tanto Jes\u00fas deb\u00edan morir como Jes\u00fas&#8221;.<\/p>\n<p style=\"text-align: justify\">Esam dijo que los combatientes torturaron a su hermano desde las 18h hasta las 23h; le abrieron el est\u00f3mago y le dispararon al hombre antes de dejarlo colgado en la cruz.<\/p>\n<p style=\"text-align: justify\">El hombre que denunci\u00f3 el caso tambi\u00e9n dijo que una organizaci\u00f3n sueca ayud\u00f3 a la esposa y los hijos de la v\u00edctima y que ahora est\u00e1n viviendo en Suecia. Como miles de cristianos iraqu\u00edes estos se ven obligados a huir de sus lugares de origen, Esam actualmente busca refugio en el pa\u00eds vecino: Jordan.<\/p>\n<p style=\"text-align: justify\">Una pareja cristiana &#8211; tambi\u00e9n miembros de la familia de la esposa de Esam &#8211; fue secuestrada por el grupo terrorista. Hasta la fecha, no se sabe nada del marido, pero su esposa &#8220;ahora vive con uno de los militantes del Estado Isl\u00e1mico&#8221;.<\/p>\n<p style=\"text-align: justify\">Otras chicas en su ciudad natal fueron tomadas como esclavas sexuales. &#8220;O\u00edmos que unas 12 j\u00f3venes cristianas son de Daesh&#8221;, dijo. &#8220;. Es posible que haya m\u00e1s de ellas en esta situaci\u00f3n Nuestro obispo le dijo a la gente que no dijeran que hab\u00edan perdido a sus ni\u00f1as: es una verg\u00fcenza para la familia&#8221;.<\/p>\n<p style=\"text-align: justify\"><strong>Genocidio<\/strong><\/p>\n<p style=\"text-align: justify\">En enero de 2016, la Asamblea Parlamentaria del Consejo de Europa reconoci\u00f3 que el Estado Isl\u00e1mico promueve el genocidio de los cristianos y otras minor\u00edas religiosas en el Oriente Medio.<\/p>\n<p style=\"text-align: justify\">&#8220;El Consejo de Europa ha respondido a pruebas convincentes de que los cristianos y otras minor\u00edas religiosas en el Medio Oriente son v\u00edctimas de genocidio&#8221;, dijo Laurence Wilkinson, Consejero Jur\u00eddico del ADF Internacional.<\/p>\n<p style=\"text-align: justify\">&#8220;Esperamos que m\u00e1s instituciones har\u00e1n lo mismo para asegurar una acci\u00f3n r\u00e1pida y fuerte, tomada por la comunidad internacional para salvar vidas en la regi\u00f3n&#8221;, agreg\u00f3.<\/p>\n<p style=\"text-align: justify\">La entrada <a rel=\"nofollow\" href=\"http:\/\/www.noticiacristiana.com\/sociedad\/persecuciones\/2016\/11\/estado-islamico-crucificar-cristiano.html\">Estado Isl\u00e1mico crucifica cristiano: &#8220;Si amas a Jes\u00fas, morir\u00e1 como \u00e9l&#8221;<\/a> aparece primero en <a rel=\"nofollow\" href=\"http:\/\/www.noticiacristiana.com\">NoticiaCristiana.com<\/a>.<\/p>\n","protected":false},"excerpt":{"rendered":"<p>IRAK. &#8211; Un cristiano que escap\u00f3 de una ciudad cerca de Qaraqosh, controlada por el Estado Isl\u00e1mico, comparti\u00f3 c\u00f3mo los militantes violentamente crucificaron a su hermano, &#8220;tal como Jes\u00fas&#8221; y obligaron a su esposa e hijos de la v\u00edctima para que vieran todo. Esam, el cual es padre de tres hijos, dijo a la organizaci\u00f3n &hellip; <a href=\"https:\/\/www.biblia.work\/noticias\/estado-islamico-crucifica-cristiano-si-amas-a-jesus-morira-como-el\/\" class=\"more-link\">Continuar leyendo<span class=\"screen-reader-text\"> \u00abEstado Isl\u00e1mico crucifica cristiano: \u201cSi amas a Jes\u00fas, morir\u00e1 como \u00e9l\u201d\u00bb<\/span><\/a><\/p>\n","protected":false},"author":1,"featured_media":0,"comment_status":"open","ping_status":"closed","sticky":false,"template":"","format":"standard","meta":{"footnotes":""},"categories":[1],"tags":[],"class_list":["post-9303","post","type-post","status-publish","format-standard","hentry","category-general"],"_links":{"self":[{"href":"https:\/\/www.biblia.work\/noticias\/wp-json\/wp\/v2\/posts\/9303","targetHints":{"allow":["GET"]}}],"collection":[{"href":"https:\/\/www.biblia.work\/noticias\/wp-json\/wp\/v2\/posts"}],"about":[{"href":"https:\/\/www.biblia.work\/noticias\/wp-json\/wp\/v2\/types\/post"}],"author":[{"embeddable":true,"href":"https:\/\/www.biblia.work\/noticias\/wp-json\/wp\/v2\/users\/1"}],"replies":[{"embeddable":true,"href":"https:\/\/www.biblia.work\/noticias\/wp-json\/wp\/v2\/comments?post=9303"}],"version-history":[{"count":0,"href":"https:\/\/www.biblia.work\/noticias\/wp-json\/wp\/v2\/posts\/9303\/revisions"}],"wp:attachment":[{"href":"https:\/\/www.biblia.work\/noticias\/wp-json\/wp\/v2\/media?parent=9303"}],"wp:term":[{"taxonomy":"category","embeddable":true,"href":"https:\/\/www.biblia.work\/noticias\/wp-json\/wp\/v2\/categories?post=9303"},{"taxonomy":"post_tag","embeddable":true,"href":"https:\/\/www.biblia.work\/noticias\/wp-json\/wp\/v2\/tags?post=9303"}],"curies":[{"name":"wp","href":"https:\/\/api.w.org\/{rel}","templated":true}]}}