{"id":9304,"date":"2016-11-25T11:15:02","date_gmt":"2016-11-25T16:15:02","guid":{"rendered":"http:\/\/www.biblia.work\/noticias\/jornada-de-la-sagrada-familia-2016-en-espana-vivir-la-alegria-del-amor-en-familia\/"},"modified":"2016-11-25T11:15:02","modified_gmt":"2016-11-25T16:15:02","slug":"jornada-de-la-sagrada-familia-2016-en-espana-vivir-la-alegria-del-amor-en-familia","status":"publish","type":"post","link":"https:\/\/www.biblia.work\/noticias\/jornada-de-la-sagrada-familia-2016-en-espana-vivir-la-alegria-del-amor-en-familia\/","title":{"rendered":"Jornada de la Sagrada Familia 2016 en Espa\u00f1a: \u201cVivir la alegr\u00eda del amor en familia\u201d"},"content":{"rendered":"<p style=\"text-align: justify\">(ZENIT &#8211; Roma).- \u00a0La Jornada de la Sagrada Familia que la Iglesia espa\u00f1ola recordar\u00e1 el pr\u00f3ximo 30 de diciembre de 2016 lleva este a\u00f1o por lema &#8220;Vivir la alegr\u00eda del amor en la familia&#8221;. Se realizar\u00e1 en todo el pa\u00eds y ser\u00e1 una ocasi\u00f3n oportuna para rezar por todas las familias, principalmente las que se encuentran en dificultad.<\/p>\n<p style=\"text-align: justify\">Para la ocasi\u00f3n los siete obispos de la Subcomisi\u00f3n Episcopal para la Familia, presidida por Mons. Mario Iceta Gavivagogeascoa, obispo de Bilbao, han escrito una nota recordando\u00a0que \u201ceste a\u00f1o el papa Francisco ha regalado a su Iglesia la exhortaci\u00f3n apost\u00f3lica <em>Amoris laetitia<\/em>, fruto de los dos s\u00ednodos, donde nos invita a todos los cristianos a cuidar el matrimonio y la familia&#8221;.<\/p>\n<p style=\"text-align: justify\">&#8220;En ella &#8211;prosiguen los obispos&#8211; el Papa nos impulsa a proponer de un modo renovado e ilusionante la vocaci\u00f3n al matrimonio y a mostrar la belleza, verdad y bien de la realidad matrimonial y familiar como un don de Dios, como una respuesta a una vocaci\u00f3n excelente\u201d.<\/p>\n<p style=\"text-align: justify\">Se\u00f1alan en riesgo de creer que \u201cel amor, como en las redes sociales, se puede conectar o desconectar a gusto del consumidor e incluso bloquearla r\u00e1pidamente\u201d, adem\u00e1s de las dificultades sociales, \u201ccomo puede ser la falta de una vivienda digna o adecuada; por la falta de derechos de los ni\u00f1os; por la necesidad de mejorar la conciliaci\u00f3n laboral y familiar\u201d etc.<\/p>\n<p style=\"text-align: justify\">Se\u00f1alan que estos desaf\u00edos, lejos de constituir obst\u00e1culos insalvables, se convierten para la familia cristiana y para la Iglesia en una oportunidad nueva, de tal forma que la propia familia encuentra en ellos un est\u00edmulo para fortalecerse y crecer como comunidad de vida y amor que engendra vida y esperanza en la sociedad.\u00a0Lo que\u00a0habla de la necesidad de una adecuada formaci\u00f3n y preparaci\u00f3n de aquellos que est\u00e1n llamados a cuidarla, tanto de los seminaristas y sacerdotes, como de los agentes de pastoral familiar.<\/p>\n<p style=\"text-align: justify\">Recuerdan adem\u00e1s\u00a0que los novios, que deben ser acompa\u00f1ados durante el noviazgo, y los esposos particularmente en los primeros a\u00f1os del matrimonio.<\/p>\n<p style=\"text-align: justify\">Los obispos subrayan que &#8220;el camino de la familia necesita una morada, un ambiente apropiado, un tejido de relaciones donde pueda crecer y germinar el deseo humano&#8221;.<\/p>\n<p style=\"text-align: justify\">Por este motivo, concluye el documento \u201cel desaf\u00edo y la misi\u00f3n de la Iglesia hoy es ser arca de No\u00e9, sacramento de salvaci\u00f3n, hospital de campa\u00f1a, en palabras del papa Francisco, generando espacios y tiempos nuevos, un ambiente y una cultura favorables en los que la familia pueda crecer y vivir en plenitud su vocaci\u00f3n al amor\u201d.<\/p>\n<p style=\"text-align: justify\"><span style=\"color: #3366ff\"><a style=\"color: #3366ff\" href=\"http:\/\/www.conferenciaepiscopal.es\/jornada-de-la-sagrada-familia-2016\/\">Leer el documento y subsidios<\/a><\/span><\/p>\n<p><span class=\"et_bloom_bottom_trigger\"><\/span><\/p>\n<p><a href=\"https:\/\/es.zenit.org\/\" target=\"_blank\" rel=\"nofollow\">Fuente: es.zenit.org<\/a><\/p>\n","protected":false},"excerpt":{"rendered":"<p>(ZENIT &#8211; Roma).- \u00a0La Jornada de la Sagrada Familia que la Iglesia espa\u00f1ola recordar\u00e1 el pr\u00f3ximo 30 de diciembre de 2016 lleva este a\u00f1o por lema &#8220;Vivir la alegr\u00eda del amor en la familia&#8221;. Se realizar\u00e1 en todo el pa\u00eds y ser\u00e1 una ocasi\u00f3n oportuna para rezar por todas las familias, principalmente las que se &hellip; <a href=\"https:\/\/www.biblia.work\/noticias\/jornada-de-la-sagrada-familia-2016-en-espana-vivir-la-alegria-del-amor-en-familia\/\" class=\"more-link\">Continuar leyendo<span class=\"screen-reader-text\"> \u00abJornada de la Sagrada Familia 2016 en Espa\u00f1a: \u201cVivir la alegr\u00eda del amor en familia\u201d\u00bb<\/span><\/a><\/p>\n","protected":false},"author":1,"featured_media":0,"comment_status":"open","ping_status":"closed","sticky":false,"template":"","format":"standard","meta":{"footnotes":""},"categories":[1],"tags":[],"class_list":["post-9304","post","type-post","status-publish","format-standard","hentry","category-general"],"_links":{"self":[{"href":"https:\/\/www.biblia.work\/noticias\/wp-json\/wp\/v2\/posts\/9304","targetHints":{"allow":["GET"]}}],"collection":[{"href":"https:\/\/www.biblia.work\/noticias\/wp-json\/wp\/v2\/posts"}],"about":[{"href":"https:\/\/www.biblia.work\/noticias\/wp-json\/wp\/v2\/types\/post"}],"author":[{"embeddable":true,"href":"https:\/\/www.biblia.work\/noticias\/wp-json\/wp\/v2\/users\/1"}],"replies":[{"embeddable":true,"href":"https:\/\/www.biblia.work\/noticias\/wp-json\/wp\/v2\/comments?post=9304"}],"version-history":[{"count":0,"href":"https:\/\/www.biblia.work\/noticias\/wp-json\/wp\/v2\/posts\/9304\/revisions"}],"wp:attachment":[{"href":"https:\/\/www.biblia.work\/noticias\/wp-json\/wp\/v2\/media?parent=9304"}],"wp:term":[{"taxonomy":"category","embeddable":true,"href":"https:\/\/www.biblia.work\/noticias\/wp-json\/wp\/v2\/categories?post=9304"},{"taxonomy":"post_tag","embeddable":true,"href":"https:\/\/www.biblia.work\/noticias\/wp-json\/wp\/v2\/tags?post=9304"}],"curies":[{"name":"wp","href":"https:\/\/api.w.org\/{rel}","templated":true}]}}