{"id":9308,"date":"2016-11-25T12:15:03","date_gmt":"2016-11-25T17:15:03","guid":{"rendered":"http:\/\/www.biblia.work\/noticias\/el-arbol-del-navidad-ya-esta-en-la-plaza-de-san-pedro\/"},"modified":"2016-11-25T12:15:03","modified_gmt":"2016-11-25T17:15:03","slug":"el-arbol-del-navidad-ya-esta-en-la-plaza-de-san-pedro","status":"publish","type":"post","link":"https:\/\/www.biblia.work\/noticias\/el-arbol-del-navidad-ya-esta-en-la-plaza-de-san-pedro\/","title":{"rendered":"El \u00e1rbol del Navidad ya est\u00e1 en la plaza de San Pedro"},"content":{"rendered":"<p style=\"text-align: justify\">(ZENIT &#8211; Ciudad del Vaticano).- El \u00e1rbol de Navidad ha sido levantado este jueves en la plaza de San Pedro, un abeto de 25 metros de altura que lleg\u00f3 desde las forestas del Lagorai, en la zona italiana del Trentino.<\/p>\n<p style=\"text-align: justify\">El \u00e1rbol donado por el ayuntamiento de Scurelle, ser\u00e1 adornado con dibujos sobre esferas de arcilla realizados por ni\u00f1os internados en la secci\u00f3n de oncolog\u00eda de algunos hospitales italianos\u00a0y su madera ser\u00e1 despu\u00e9s utilizada con finalidades de beneficencia, llevando as\u00ed un mensaje de solidaridad.<\/p>\n<p style=\"text-align: justify\">El \u00e1rbol fue primero transportado con un helic\u00f3ptero del Ej\u00e9rcito italiano, con la colaboraci\u00f3n de la Protecci\u00f3n Civil de Trento. Desde el norte de Italia lleg\u00f3 a Roma en un transporte especial sobre goma\u00a0en la noche del mi\u00e9rcoles 23 y madrugada del 24, y fue colocado en la plaza San Pedro con la ayuda del personal de los Servicios T\u00e9cnicos y de los Jardines Vaticanos.\u00a0Cuando el \u00e1rbol fue cortado, los ni\u00f1os de una escuela del ayuntamiento de Scurelle plantaron otros 40 abetos en una zona cercana.<\/p>\n<p style=\"text-align: justify\">El arbol navide\u00f1o que ser\u00e1 inaugurado el pr\u00f3ximo 9 de diciembre contar\u00e1 con 18 mil led, de los cuales 14 mil con efecto destello.\u00a0A su lado estar\u00e1 el pesebre que este a\u00f1o ha sido donado por Malta, el cual junto al \u00e1rbol permanecer\u00e1n iluminados hasta la noche del domingo 8 de enero, fiesta del Bautismo del Se\u00f1or, cuando conlcuye el Tiempo de Navidad.<\/p>\n<p style=\"text-align: justify\">En la ma\u00f1ana del 9 de diciembre, las delegaciones de Trentino y de Malta, junto a algunos de los ni\u00f1os que realizaron la esferas decorativas, ser\u00e1n recibidas en audiencia por el Papa para la presentaci\u00f3n oficial de los dones.<\/p>\n<p style=\"text-align: justify\">En el Vaticano habr\u00e1 tambi\u00e9n otro pesebre y \u00e1rbol, donado por los artesanos mexicanos del Instituto Queretano de la Cultura y las Artes (IQCA). El mismo ser\u00e1 entregado el 6 de diciembre al papa Francisco, en nombre de todos los habitantes de dicho estado.<\/p>\n<p><span class=\"et_bloom_bottom_trigger\"><\/span><\/p>\n<p><a href=\"https:\/\/es.zenit.org\/\" target=\"_blank\" rel=\"nofollow\">Fuente: es.zenit.org<\/a><\/p>\n","protected":false},"excerpt":{"rendered":"<p>(ZENIT &#8211; Ciudad del Vaticano).- El \u00e1rbol de Navidad ha sido levantado este jueves en la plaza de San Pedro, un abeto de 25 metros de altura que lleg\u00f3 desde las forestas del Lagorai, en la zona italiana del Trentino. El \u00e1rbol donado por el ayuntamiento de Scurelle, ser\u00e1 adornado con dibujos sobre esferas de &hellip; <a href=\"https:\/\/www.biblia.work\/noticias\/el-arbol-del-navidad-ya-esta-en-la-plaza-de-san-pedro\/\" class=\"more-link\">Continuar leyendo<span class=\"screen-reader-text\"> \u00abEl \u00e1rbol del Navidad ya est\u00e1 en la plaza de San Pedro\u00bb<\/span><\/a><\/p>\n","protected":false},"author":1,"featured_media":0,"comment_status":"open","ping_status":"closed","sticky":false,"template":"","format":"standard","meta":{"footnotes":""},"categories":[1],"tags":[],"class_list":["post-9308","post","type-post","status-publish","format-standard","hentry","category-general"],"_links":{"self":[{"href":"https:\/\/www.biblia.work\/noticias\/wp-json\/wp\/v2\/posts\/9308","targetHints":{"allow":["GET"]}}],"collection":[{"href":"https:\/\/www.biblia.work\/noticias\/wp-json\/wp\/v2\/posts"}],"about":[{"href":"https:\/\/www.biblia.work\/noticias\/wp-json\/wp\/v2\/types\/post"}],"author":[{"embeddable":true,"href":"https:\/\/www.biblia.work\/noticias\/wp-json\/wp\/v2\/users\/1"}],"replies":[{"embeddable":true,"href":"https:\/\/www.biblia.work\/noticias\/wp-json\/wp\/v2\/comments?post=9308"}],"version-history":[{"count":0,"href":"https:\/\/www.biblia.work\/noticias\/wp-json\/wp\/v2\/posts\/9308\/revisions"}],"wp:attachment":[{"href":"https:\/\/www.biblia.work\/noticias\/wp-json\/wp\/v2\/media?parent=9308"}],"wp:term":[{"taxonomy":"category","embeddable":true,"href":"https:\/\/www.biblia.work\/noticias\/wp-json\/wp\/v2\/categories?post=9308"},{"taxonomy":"post_tag","embeddable":true,"href":"https:\/\/www.biblia.work\/noticias\/wp-json\/wp\/v2\/tags?post=9308"}],"curies":[{"name":"wp","href":"https:\/\/api.w.org\/{rel}","templated":true}]}}