{"id":9315,"date":"2016-11-25T14:15:02","date_gmt":"2016-11-25T19:15:02","guid":{"rendered":"http:\/\/www.biblia.work\/noticias\/el-papa-conversa-con-los-jesuitas-y-advierte-sobre-clericalismo-y-pobreza\/"},"modified":"2016-11-25T14:15:02","modified_gmt":"2016-11-25T19:15:02","slug":"el-papa-conversa-con-los-jesuitas-y-advierte-sobre-clericalismo-y-pobreza","status":"publish","type":"post","link":"https:\/\/www.biblia.work\/noticias\/el-papa-conversa-con-los-jesuitas-y-advierte-sobre-clericalismo-y-pobreza\/","title":{"rendered":"El Papa conversa con los jesuitas y advierte sobre clericalismo y pobreza"},"content":{"rendered":"<p style=\"text-align: justify\">(ZENIT \u2013 Roma).- En la visita que el papa Francisco ha realizado a los Jesuitas reunidos en su 36 congregaci\u00f3n general, despu\u00e9s de la elecci\u00f3n del nuevo superior, el padre Arturo Sosa, convers\u00f3 con ellos.<\/p>\n<p style=\"text-align: justify\">Entre las diversas preguntas, una fue sobre la pobreza en la Compa\u00f1\u00eda de Jes\u00fas, que el Papa extendi\u00f3 al clero, as\u00ed como al riesgo del clericalismo, del cual las devociones populares se han salvado. La revista <em>Civilta&#8217; Cattolica<\/em> ha publicado la conversaci\u00f3n integra, de la cual presentamos un par de respuestas.<\/p>\n<p style=\"text-align: justify\"><strong>La pobreza<\/strong><br \/>\n\u201cCreo que en este punto de la pobreza San Ignacio nos ha superado en grande. Cuando uno lee c\u00f3mo conceb\u00eda la pobreza, ese voto que hace hacer de no cambiar la pobreza a no ser para estrecharla m\u00e1s&#8230;, tenemos que reflexionar. Lo de San Ignacio no es solamente una actitud asc\u00e9tica, como ser\u00eda la de pellizcarme para que me duela m\u00e1s, sino que es un amor a la pobreza como estilo de vida, como camino de salvaci\u00f3n, camino eclesial. Porque para \u00e9l, y estas son dos palabras claves que usa, la pobreza es madre y muro.<\/p>\n<p style=\"text-align: justify\">La pobreza engendra, es madre, engendra vida espiritual, vida de santidad, vida apost\u00f3lica. Y es muro, defiende. Cu\u00e1ntos desastres eclesiales empezaron por falta de pobreza, incluso fuera de la Compa\u00f1\u00eda, me refiero a toda la Iglesia en general. Cu\u00e1ntos esc\u00e1ndalos de los que lamentablemente me tengo que enterar, por el lugar en que me encuentro, nacen del dinero. Creo que San Ignacio tuvo una intuici\u00f3n muy grande. En la visi\u00f3n ignaciana de la pobreza tenemos una fuente de inspiraci\u00f3n para ayudarnos\u201d.<\/p>\n<p style=\"text-align: justify\"><strong>El clericalismo<br \/>\n<\/strong>El clericalismo, que es uno de los males m\u00e1s serios que tiene la Iglesia, se aparta de la pobreza. El clericalismo es rico. Y si no es rico en dinero, es rico en soberbia. Pero es rico: hay en \u00e9l un apego a la posesi\u00f3n. No se deja engendrar por la madre pobreza, no se deja custodiar por el muro pobreza.<\/p>\n<p style=\"text-align: justify\">El clericalismo es una de las formas de riqueza m\u00e1s graves que se sufre hoy d\u00eda en la Iglesia. Al menos en algunos lugares de la Iglesia. Hasta en las experiencias m\u00e1s cotidianas. Una Iglesia pobre para los pobres es la del Evangelio, la del serm\u00f3n de la monta\u00f1a del Evangelio de Mateo y la del serm\u00f3n de la llanura del Evangelio de Lucas, como tambi\u00e9n del \u00abprotocolo\u00bb seg\u00fan el cual seremos juzgados: Mateo 25. Creo que sobre esto el Evangelio es muy claro y es necesario caminar en esta direcci\u00f3n. Pero yo insistir\u00eda tambi\u00e9n sobre el hecho de que ser\u00eda lindo que la Compa\u00f1\u00eda pudiera ayudar a profundizar la visi\u00f3n de Ignacio sobre la pobreza, porque yo creo que es una visi\u00f3n para toda la Iglesia. Algo que nos puede ayudar a todos\u201d.<\/p>\n<p style=\"text-align: justify\"><strong>Las vocaciones y el clericalismo<br \/>\n<\/strong>A m\u00ed me ha pasado en Buenos Aires, como Obispo, que curas muy buenos, m\u00e1s de una vez, charlando dec\u00edan: \u00abEn la parroquia tengo un laico que \u2018vale oro\u2019. Y me lo pintaban como un laico de primera. Y luego me dec\u00edan: \u00abQu\u00e9 le parece si lo hacemos di\u00e1cono\u00bb? Este es el problema: al laico que vale, lo hacemos di\u00e1cono.Lo clericalizamos.<\/p>\n<p style=\"text-align: justify\"><strong>La piedad popular se salv\u00f3 del clericalismo<br \/>\n<\/strong>\u00a0En una carta que recientemente envi\u00e9 al cardenal Ouellet, escrib\u00eda que en Am\u00e9rica Latina, la \u00fanica cosa que m\u00e1s o menos se salv\u00f3 del clericalismo es la piedad popular.<\/p>\n<p style=\"text-align: justify\">Porque, como la piedad popular es una de esas cosas \u00abde la gente\u00bb en la que los curas no cre\u00edan, los laicos fueron creativos. Quiz\u00e1s haya sido necesario corregir algunas cosas, pero la piedad popular se salv\u00f3 porque los curas no se metieron. El clericalismo no deja crecer, no deja crecer la fuerza del bautismo. La gracia y la fuerza evangelizadora de la expresi\u00f3n misionera la tiene la gracia del Bautismo.<\/p>\n<p style=\"text-align: justify\">Y el clericalismo disciplina mal esta gracia y da lugar a dependencias, que tienen a veces a pueblos enteros en un estado de inmadurez muy grande. Me acuerdo de las peleas que hubo cuando, siendo yo estudiante de teolog\u00eda o cura joven, aparecieron las comunidades eclesiales de base. \u00bfPor qu\u00e9? Y porque all\u00ed los laicos empezaron a tener un protagonismo un poco fuerte y los primeros que se sent\u00edan inseguros eran algunos curas. Estoy generalizando demasiado, pero lo hago a prop\u00f3sito: si caricaturizo el problema es porque el problema del clericalismo es muy serio.<\/p>\n<p style=\"text-align: justify\"><a target=\"_blank\" rel=\"nofollow\" href=\"http:\/\/www.laciviltacattolica.it\/articoli_download\/extra\/DIALOGOPAPA_ESP.pdf\"><span style=\"color: #3366ff\">Leer la conversaci\u00f3n completa\u00a0publicada por Civita&#8217; Cattolica<\/span><\/a><\/p>\n<p><span class=\"et_bloom_bottom_trigger\"><\/span><\/p>\n<p><a href=\"https:\/\/es.zenit.org\/\" target=\"_blank\" rel=\"nofollow\">Fuente: es.zenit.org<\/a><\/p>\n","protected":false},"excerpt":{"rendered":"<p>(ZENIT \u2013 Roma).- En la visita que el papa Francisco ha realizado a los Jesuitas reunidos en su 36 congregaci\u00f3n general, despu\u00e9s de la elecci\u00f3n del nuevo superior, el padre Arturo Sosa, convers\u00f3 con ellos. Entre las diversas preguntas, una fue sobre la pobreza en la Compa\u00f1\u00eda de Jes\u00fas, que el Papa extendi\u00f3 al clero, &hellip; <a href=\"https:\/\/www.biblia.work\/noticias\/el-papa-conversa-con-los-jesuitas-y-advierte-sobre-clericalismo-y-pobreza\/\" class=\"more-link\">Continuar leyendo<span class=\"screen-reader-text\"> \u00abEl Papa conversa con los jesuitas y advierte sobre clericalismo y pobreza\u00bb<\/span><\/a><\/p>\n","protected":false},"author":1,"featured_media":0,"comment_status":"open","ping_status":"closed","sticky":false,"template":"","format":"standard","meta":{"footnotes":""},"categories":[1],"tags":[],"class_list":["post-9315","post","type-post","status-publish","format-standard","hentry","category-general"],"_links":{"self":[{"href":"https:\/\/www.biblia.work\/noticias\/wp-json\/wp\/v2\/posts\/9315","targetHints":{"allow":["GET"]}}],"collection":[{"href":"https:\/\/www.biblia.work\/noticias\/wp-json\/wp\/v2\/posts"}],"about":[{"href":"https:\/\/www.biblia.work\/noticias\/wp-json\/wp\/v2\/types\/post"}],"author":[{"embeddable":true,"href":"https:\/\/www.biblia.work\/noticias\/wp-json\/wp\/v2\/users\/1"}],"replies":[{"embeddable":true,"href":"https:\/\/www.biblia.work\/noticias\/wp-json\/wp\/v2\/comments?post=9315"}],"version-history":[{"count":0,"href":"https:\/\/www.biblia.work\/noticias\/wp-json\/wp\/v2\/posts\/9315\/revisions"}],"wp:attachment":[{"href":"https:\/\/www.biblia.work\/noticias\/wp-json\/wp\/v2\/media?parent=9315"}],"wp:term":[{"taxonomy":"category","embeddable":true,"href":"https:\/\/www.biblia.work\/noticias\/wp-json\/wp\/v2\/categories?post=9315"},{"taxonomy":"post_tag","embeddable":true,"href":"https:\/\/www.biblia.work\/noticias\/wp-json\/wp\/v2\/tags?post=9315"}],"curies":[{"name":"wp","href":"https:\/\/api.w.org\/{rel}","templated":true}]}}