{"id":9316,"date":"2016-11-25T14:15:02","date_gmt":"2016-11-25T19:15:02","guid":{"rendered":"http:\/\/www.biblia.work\/noticias\/beato-santiago-alberione-26-de-noviembre\/"},"modified":"2016-11-25T14:15:02","modified_gmt":"2016-11-25T19:15:02","slug":"beato-santiago-alberione-26-de-noviembre","status":"publish","type":"post","link":"https:\/\/www.biblia.work\/noticias\/beato-santiago-alberione-26-de-noviembre\/","title":{"rendered":"Beato Santiago Alberione \u2013 26 de noviembre"},"content":{"rendered":"<p style=\"text-align: justify\"><span lang=\"\">(ZENIT &#8211; Roma).- Este clarividente ap\u00f3stol, que vio la riqueza de los medios de comunicaci\u00f3n social para difundir el mensaje de Cristo, naci\u00f3 en la localidad italiana de San Lorenzo di Fossano el 4 de abril de 1884. Viendo retrospectivamente su vida se constata que quien tiene madera de ap\u00f3stol, como \u00e9l, escruta lo que le rodea con una mirada penetrante, siempre atenta a los signos que Dios extiende ante s\u00ed, los lleva a la oraci\u00f3n y procede a actuar sin dilaci\u00f3n alguna. Era el cuarto de los seis hijos de Michele y Teresa, un matrimonio de cristianos campesinos. Sus sue\u00f1os infantiles apuntaban al sacerdocio. Y a esa edad en que los ni\u00f1os sue\u00f1an con alcanzar grandes gestas, y a veces se\u00f1alan su futuro con las m\u00e1s sorprendentes profesiones, Santiago ya hab\u00eda elegido. Cuando su maestra Rosina Cardona le formul\u00f3 en la escuela la conocida pregunta: \u00ab\u00bfqu\u00e9 quieres ser de mayor?\u00bb, sin vacilar respondi\u00f3: \u00a1sacerdote! Un buen p\u00e1rroco, el padre Montersino, que reg\u00eda la parroquia de Cherasco donde el beato se traslad\u00f3 con su familia, le ayud\u00f3 en su empe\u00f1o. <\/span><\/p>\n<p style=\"text-align: justify\"><span lang=\"\">En 1896 inici\u00f3 estudios en el seminario de Bra, y en 1900, a\u00f1o que marc\u00f3 su acontecer, prosigui\u00f3 la formaci\u00f3n en el seminario de Alba; se desconoce por qu\u00e9 dej\u00f3 Bra. Pero justamente cuando el reloj marcaba las primeras horas del a\u00f1o 1901 vivi\u00f3 una experiencia que le marc\u00f3 para siempre. \u00bfD\u00f3nde encuentran los santos las respuestas que precisan? En la oraci\u00f3n, naturalmente. Y esa madrugada mientras en tantos lugares del mundo se celebraba con grandes fastos la entrada del A\u00f1o Nuevo, el joven seminarista se hallaba orando en la catedral, postrado ante el Sant\u00edsimo. En su mente rebull\u00edan las inquietudes de quien busca la gloria de Dios. En concreto ten\u00eda presente la enc\u00edclica de Le\u00f3n XIII Tametsi Futura Prospicientibus y, en un momento dado, el fulgor que emanaba la Sagrada Forma le inst\u00f3 a actuar. Deb\u00eda formarse con toda urgencia para servir a la Iglesia y a la humanidad en una v\u00eda, a\u00fan desconocida para \u00e9l, pero que iba a tener una extraordinaria repercusi\u00f3n a lo largo del siglo que acababa de nacer: los mass media, que ser\u00edan en sus manos un instrumento de innegable fecundidad apost\u00f3lica. En un primer pelda\u00f1o para la gran misi\u00f3n que iba a desempe\u00f1ar, la Providencia hab\u00eda puesto en su camino al can\u00f3nigo padre Francisco Chiesa, una persona que influy\u00f3 enormemente en su vida durante cerca de medio siglo, que le gui\u00f3 y acompa\u00f1\u00f3. <\/span><\/p>\n<p style=\"text-align: justify\">En 1907 fue ordenado y comenz\u00f3 su ministerio pastoral en Narzole (C\u00faneo), si bien ejerci\u00f3 tambi\u00e9n su labor en otras parroquias del entorno. Predicaba, impart\u00eda conferencias y catequesis, entre otras acciones. Como la fruta madura cae del \u00e1rbol, a Santiago ya le llegaba la hora de poner en marcha la misi\u00f3n que Dios hab\u00eda determinado para \u00e9l. Por esta \u00e9poca conoci\u00f3 a uno de sus estrechos colaboradores, Jos\u00e9 T. Giaccardo; se percat\u00f3 del importante papel que la mujer tiene en la evangelizaci\u00f3n, y no tuvo duda de que la v\u00eda que deb\u00eda seguir para ejercer la labor apost\u00f3lica se hallaba en los recursos que proporciona la comunicaci\u00f3n.<\/p>\n<p style=\"text-align: justify\"><span lang=\"\">Ejerci\u00f3 la docencia en el seminario de Alba; dirigi\u00f3 espiritualmente a sacerdotes y a j\u00f3venes. Y en 1913 se le encomend\u00f3 la direcci\u00f3n del semanario Gazzetta d&#8217;Alba. Entre tanto vio que la ingente labor apost\u00f3lica que ten\u00eda en ciernes ser\u00eda m\u00e1s efectiva en manos de personas consagradas. En 1914 fund\u00f3 la Sociedad de San Pablo de la que fue superior general hasta 1969. En 1915, junto a Teresa Merlo, cre\u00f3 la Congregaci\u00f3n de las Hijas de San Pablo. Y en 1921 al erigir la P\u00eda Sociedad de San Pablo, comenzaron a emitir votos privados algunos de sus componentes. Ese mismo a\u00f1o curs\u00f3 la solicitud para su aprobaci\u00f3n como congregaci\u00f3n diocesana. En 1923 enferm\u00f3 gravemente y los m\u00e9dicos no aventuraron nada bueno. Pero se equivocaron, ya que se cur\u00f3; \u00e9l atribuy\u00f3 a san Pablo su sorprendente recuperaci\u00f3n.<\/span><\/p>\n<p style=\"text-align: justify\"><span lang=\"\">La obra que puso en marcha, nutrida con trece revistas, a trav\u00e9s de las cuales difund\u00eda el evangelio a todas las gentes, se extend\u00eda por distintos lugares. Aquello era ya imparable. De la fecundidad de este beato dan prueba las instituciones que componen la \u00abFamilia Paulina\u00bb, un emporio apost\u00f3lico creado entre 1914 y 1960. Santiago era un hombre de oraci\u00f3n, con carisma entre los j\u00f3venes, de una fe arrolladora. Ayunaba frecuentemente y durante varios d\u00edas sin que hiciese mella en \u00e9l este esfuerzo. Dec\u00eda que hab\u00eda que \u00abtrabajar con las rodillas\u00bb. Su mente abierta al infinito se resum\u00eda en el \u00abpensar en grande\u00bb que aconsejaba a los suyos. De modo clarividente, dec\u00eda: \u00abPensar y hacer; no solo so\u00f1ar\u00bb. En 1960 manifest\u00f3: \u00abDebe ser uno el esp\u00edritu, aquel contenido en el coraz\u00f3n de San Pablo, &#8216;Cor Pauli, cor Christi&#8217;; tienen las mismas devociones; y los varios objetivos convergen en un fin com\u00fan y general: dar a Jesucristo al mundo en modo completo, como \u00c9l se ha definido: &#8216;Yo soy el Camino, la Verdad y la Vida&#8217;\u00bb. <\/span><\/p>\n<p style=\"text-align: justify\"><span lang=\"\">Se ha glosado su proverbial fidelidad al papa. As\u00ed lo atestigu\u00f3 hasta el fin, dejando en su testamento este elocuente sentimiento: \u00abSiento, ante Dios y ante los hombres, la gravedad de la misi\u00f3n que el Se\u00f1or me ha encomendado&#8230; Estamos fundados sobre la Iglesia y el Vicario de Jesucristo, y esta convicci\u00f3n inspira confianza, alegr\u00eda, coraje\u00bb. Junto a las preocupaciones propias de su misi\u00f3n fundadora, vivi\u00f3 con dolor la separaci\u00f3n de algunos de sus colaboradores, que le precedieron en la muerte. Padec\u00eda una escoliosis que le ocasion\u00f3 muchos sufrimientos y fue debilit\u00e1ndole hasta que falleci\u00f3 el 26 de noviembre de 1971 a los 87 a\u00f1os. Antes le hab\u00eda visitado Pablo VI que en 1969 hab\u00eda ensalzado sus virtudes y su magna obra, destacando la humildad, el silencio y laboriosidad de Santiago, su esp\u00edritu orante y capacidad para \u00abescudri\u00f1ar\u2026 las formas m\u00e1s geniales de llegar a las almas\u00bb. Juan Pablo II lo beatific\u00f3 el 27 de abril de 2003. <\/span><\/p>\n<p><span class=\"et_bloom_bottom_trigger\"><\/span><\/p>\n<p><a href=\"https:\/\/es.zenit.org\/\" target=\"_blank\" rel=\"nofollow\">Fuente: es.zenit.org<\/a><\/p>\n","protected":false},"excerpt":{"rendered":"<p>(ZENIT &#8211; Roma).- Este clarividente ap\u00f3stol, que vio la riqueza de los medios de comunicaci\u00f3n social para difundir el mensaje de Cristo, naci\u00f3 en la localidad italiana de San Lorenzo di Fossano el 4 de abril de 1884. Viendo retrospectivamente su vida se constata que quien tiene madera de ap\u00f3stol, como \u00e9l, escruta lo que &hellip; <a href=\"https:\/\/www.biblia.work\/noticias\/beato-santiago-alberione-26-de-noviembre\/\" class=\"more-link\">Continuar leyendo<span class=\"screen-reader-text\"> \u00abBeato Santiago Alberione \u2013 26 de noviembre\u00bb<\/span><\/a><\/p>\n","protected":false},"author":1,"featured_media":0,"comment_status":"open","ping_status":"closed","sticky":false,"template":"","format":"standard","meta":{"footnotes":""},"categories":[1],"tags":[],"class_list":["post-9316","post","type-post","status-publish","format-standard","hentry","category-general"],"_links":{"self":[{"href":"https:\/\/www.biblia.work\/noticias\/wp-json\/wp\/v2\/posts\/9316","targetHints":{"allow":["GET"]}}],"collection":[{"href":"https:\/\/www.biblia.work\/noticias\/wp-json\/wp\/v2\/posts"}],"about":[{"href":"https:\/\/www.biblia.work\/noticias\/wp-json\/wp\/v2\/types\/post"}],"author":[{"embeddable":true,"href":"https:\/\/www.biblia.work\/noticias\/wp-json\/wp\/v2\/users\/1"}],"replies":[{"embeddable":true,"href":"https:\/\/www.biblia.work\/noticias\/wp-json\/wp\/v2\/comments?post=9316"}],"version-history":[{"count":0,"href":"https:\/\/www.biblia.work\/noticias\/wp-json\/wp\/v2\/posts\/9316\/revisions"}],"wp:attachment":[{"href":"https:\/\/www.biblia.work\/noticias\/wp-json\/wp\/v2\/media?parent=9316"}],"wp:term":[{"taxonomy":"category","embeddable":true,"href":"https:\/\/www.biblia.work\/noticias\/wp-json\/wp\/v2\/categories?post=9316"},{"taxonomy":"post_tag","embeddable":true,"href":"https:\/\/www.biblia.work\/noticias\/wp-json\/wp\/v2\/tags?post=9316"}],"curies":[{"name":"wp","href":"https:\/\/api.w.org\/{rel}","templated":true}]}}