{"id":9317,"date":"2016-11-25T15:05:02","date_gmt":"2016-11-25T20:05:02","guid":{"rendered":"http:\/\/www.biblia.work\/noticias\/cbn-activa-campana-de-ayuda-por-damnificados-tras-huracan-otto\/"},"modified":"2016-11-25T15:05:02","modified_gmt":"2016-11-25T20:05:02","slug":"cbn-activa-campana-de-ayuda-por-damnificados-tras-huracan-otto","status":"publish","type":"post","link":"https:\/\/www.biblia.work\/noticias\/cbn-activa-campana-de-ayuda-por-damnificados-tras-huracan-otto\/","title":{"rendered":"CBN activa campa\u00f1a de ayuda por damnificados tras hurac\u00e1n Otto"},"content":{"rendered":"<p style=\"text-align: justify\">Costa Rica amaneci\u00f3 de luto este viernes, debido a los da\u00f1os provocados por el paso del hurac\u00e1n Otto en la zona norte del pa\u00eds. Ante la necesidad, el ministerio CBN est\u00e1 promoviendo una campa\u00f1a de ayuda por los damnificados.  <\/p>\n<p style=\"text-align: justify\"> <strong>\u00bfQu\u00e9 opinas de esta noticia? Ve a <a href=\"http:\/\/www.Facebook.com\/mundocristiano\">www.Facebook.com\/mundocristiano<\/a> y comenta.<\/strong> <\/p>\n<p style=\"text-align: justify\">Por el momento, las autoridades han confirmado cuatro v\u00edctimas mortales. Uno de ellos muri\u00f3 cuando era rescatado, seg\u00fan inform\u00f3 el Ministro de Seguridad P\u00fablica, Gustavo Mata, a trav\u00e9s de Twitter. <\/p>\n<p style=\"text-align: justify\"> \u201cLamentablemente la persona rescatada en Bagaces muri\u00f3 de camino cuando era trasladada a un sitio seguro\u201d, confirm\u00f3 Mata a Crhoy.com<\/p>\n<p style=\"text-align: justify\"> De acuerdo con Juan Carlos Fallas, jerarca del Instituto Meteorol\u00f3gico Nacional (IMN) ayer, en 6 horas, llovi\u00f3 lo que deb\u00eda llover en mes y medio en la ciudad de Upala. En la ciudad de Bijagua en una noche cay\u00f3 la cantidad de agua equivalente a un mes igual que en la ciudad de Los Chiles. <\/p>\n<p style=\"text-align: justify\">Los servicios de electricidad y telecomunicaciones est\u00e1n interrumpidos y los caminos devastados. Las autoridades esperan poder ingresar a la zona v\u00eda a\u00e9rea para llevar ayuda a los damnificados. <\/p>\n<p style=\"text-align: justify\">En medio de la devastaci\u00f3n, el ministerio CBN, apoyada por la Alianza Evang\u00e9lica Costarricense y diferentes sectores cristianos del pa\u00eds, en coordinaci\u00f3n con el Centro Nacional de Operaciones de Emergencias (COE), est\u00e1n activando la campa\u00f1a \u201c\u00danete x Costa Rica\u201d. <\/p>\n<p style=\"text-align: justify\"> \u201cCBN se hace presente en tiempos de fen\u00f3menos naturales que atentan contra la estabilidad de las familias, y este caso no es la excepci\u00f3n. \u2018\u00danete x Costa Rica\u2019 es la oportunidad para canalizar el apoyo del pueblo costarricense e internacional y llevar esperanza a las familias que afectadas por el hurac\u00e1n Otto\u201d, manifest\u00f3 Alejandro Zamora, director de CBN Costa Rica. <\/p>\n<p style=\"text-align: justify\"> \u201cEn este momento es importante canalizar este tipo de ayuda, (agua y comida no perecedera) despu\u00e9s vendr\u00e1 la etapa de recuperaci\u00f3n\u201d, se\u00f1al\u00f3 Iv\u00e1n Brenes El presidente de la Comisi\u00f3n Nacional de Prevenci\u00f3n del Riesgo y Atenci\u00f3n de Emergencias (CNE). <\/p>\n<p style=\"text-align: justify\">El objetivo de la campa\u00f1a es recaudar agua y alimentos de primera necesidad, que ser\u00e1n entregadas a los equipos de ayuda y rescate del gobierno costarricense. Adem\u00e1s, se estar\u00e1n distribuyendo con iglesias canalizadas en los sitios afectados. <\/p>\n<p style=\"text-align: justify\"> \u201cLos comit\u00e9s locales se convierten en los principales centros de acopio en el pa\u00eds. En esta etapa de la crisis no se requiere de ropa\u201d, dijo a CBN Luis Guzm\u00e1n, miembro de la Cruz Roja. <\/p>\n<p style=\"text-align: justify\">Los donativos ser\u00e1n canalizados en las oficinas de CBN Costa Rica, en la Alianzas Evang\u00e9lica, en iglesias y medios de comunicaci\u00f3n. <\/p>\n<p style=\"text-align: justify\">Tambi\u00e9n se apoyar\u00e1 con donativos a albergues, labor que se realizar\u00e1 con los respectivos municipios.\n<\/p>\n<p style=\"text-align: justify\"> \u201cEl llamado es para unir esfuerzos e impactar comunidades afectadas. Tenemos la posibilidad de llevar bienestar espiritual y f\u00edsico a nuestros hermanos afectados por el hurac\u00e1n\u201d, manifest\u00f3 Andr\u00e9s Quesada, Coordinador de Ayuda Humanitaria de CBN Costa Rica.\n<\/p>\n<p style=\"text-align: justify\">Si usted desea colaborar, lo puede hacer aqu\u00ed: Oficinas de CBN Curridabat 2257-2255; Alianza Evang\u00e9lica Costarricense, San Francisco de Dos R\u00edos 2226-6350; Iglesia Oasis Moravia 2507-9801; Radio Unci\u00f3n 2521-7985; Iglesia Ciudad de Fe 2260-2010; Iglesia Oasis Heredia.\n<\/p>\n<p style=\"text-align: justify\"><em>Fuente: <strong>www.MundoCristiano.tv <\/strong><\/em><\/p>\n","protected":false},"excerpt":{"rendered":"<p>Costa Rica amaneci\u00f3 de luto este viernes, debido a los da\u00f1os provocados por el paso del hurac\u00e1n Otto en la zona norte del pa\u00eds. Ante la necesidad, el ministerio CBN est\u00e1 promoviendo una campa\u00f1a de ayuda por los damnificados. \u00bfQu\u00e9 opinas de esta noticia? Ve a www.Facebook.com\/mundocristiano y comenta. Por el momento, las autoridades han &hellip; <a href=\"https:\/\/www.biblia.work\/noticias\/cbn-activa-campana-de-ayuda-por-damnificados-tras-huracan-otto\/\" class=\"more-link\">Continuar leyendo<span class=\"screen-reader-text\"> \u00abCBN activa campa\u00f1a de ayuda por damnificados tras hurac\u00e1n Otto\u00bb<\/span><\/a><\/p>\n","protected":false},"author":1,"featured_media":0,"comment_status":"open","ping_status":"closed","sticky":false,"template":"","format":"standard","meta":{"footnotes":""},"categories":[1],"tags":[],"class_list":["post-9317","post","type-post","status-publish","format-standard","hentry","category-general"],"_links":{"self":[{"href":"https:\/\/www.biblia.work\/noticias\/wp-json\/wp\/v2\/posts\/9317","targetHints":{"allow":["GET"]}}],"collection":[{"href":"https:\/\/www.biblia.work\/noticias\/wp-json\/wp\/v2\/posts"}],"about":[{"href":"https:\/\/www.biblia.work\/noticias\/wp-json\/wp\/v2\/types\/post"}],"author":[{"embeddable":true,"href":"https:\/\/www.biblia.work\/noticias\/wp-json\/wp\/v2\/users\/1"}],"replies":[{"embeddable":true,"href":"https:\/\/www.biblia.work\/noticias\/wp-json\/wp\/v2\/comments?post=9317"}],"version-history":[{"count":0,"href":"https:\/\/www.biblia.work\/noticias\/wp-json\/wp\/v2\/posts\/9317\/revisions"}],"wp:attachment":[{"href":"https:\/\/www.biblia.work\/noticias\/wp-json\/wp\/v2\/media?parent=9317"}],"wp:term":[{"taxonomy":"category","embeddable":true,"href":"https:\/\/www.biblia.work\/noticias\/wp-json\/wp\/v2\/categories?post=9317"},{"taxonomy":"post_tag","embeddable":true,"href":"https:\/\/www.biblia.work\/noticias\/wp-json\/wp\/v2\/tags?post=9317"}],"curies":[{"name":"wp","href":"https:\/\/api.w.org\/{rel}","templated":true}]}}