{"id":9320,"date":"2016-11-25T17:05:03","date_gmt":"2016-11-25T22:05:03","guid":{"rendered":"http:\/\/www.biblia.work\/noticias\/luis-palau-conversa-con-mauricio-macri-sobre-futuros-festivales-evangelisticos\/"},"modified":"2016-11-25T17:05:03","modified_gmt":"2016-11-25T22:05:03","slug":"luis-palau-conversa-con-mauricio-macri-sobre-futuros-festivales-evangelisticos","status":"publish","type":"post","link":"https:\/\/www.biblia.work\/noticias\/luis-palau-conversa-con-mauricio-macri-sobre-futuros-festivales-evangelisticos\/","title":{"rendered":"Luis Palau conversa con Mauricio Macri sobre futuros festivales evangel\u00edsticos"},"content":{"rendered":"<p style=\"text-align: justify\">El evangelista Luis Palau mantuvo una reuni\u00f3n con el presidente argentino Mauricio Macri para conversar sobre unos festivales evangel\u00edsticos que el predicador quiere realizar en el pa\u00eds suramericano. <\/p>\n<p style=\"text-align: justify\"> <strong>\u00bfQu\u00e9 opinas de esta noticia? Ve a <a href=\"http:\/\/www.Facebook.com\/mundocristiano\">www.Facebook.com\/mundocristiano<\/a> y comenta.<\/strong> <\/p>\n<p style=\"text-align: justify\">El encuentro se desarroll\u00f3 en el gabinete de trabajo de la residencia de Olivos. Participaron del mismo el secretario de Culto, Santiago de Estrada; el subsecretario del \u00e1rea, Alfredo Abriani; el hijo del predicador, Andr\u00e9s Palau, el pastor Rub\u00e9n Proietti, presidente de la Alianza Cristiana de Iglesias Evang\u00e9licas de la Rep\u00fablica Argentina y Gast\u00f3n Bruno, polit\u00f3logo, seg\u00fan un comunicado. <\/p>\n<p style=\"text-align: justify\">En la conversaci\u00f3n entre Macri y Palau, ambos acordaron en la necesidad de continuar velando por las familias, la cultura del trabajo, reforzar los valores de bien com\u00fan y de bienestar general de la naci\u00f3n. El conferencista no perdi\u00f3 la oportunidad de recordarle al presidente que \u201cvolver la mirada a Dios es la soluci\u00f3n de todos los males de la humanidad\u201d. <\/p>\n<p style=\"text-align: justify\">Las actividades est\u00e1n previstas para el 25 y 27 de Noviembre en las ciudades de Campana y Z\u00e1rate respectivamente. <\/p>\n<p style=\"text-align: justify\"><em>Fuente: <strong>www.MundoCristiano.tv <\/strong><\/em><\/p>\n","protected":false},"excerpt":{"rendered":"<p>El evangelista Luis Palau mantuvo una reuni\u00f3n con el presidente argentino Mauricio Macri para conversar sobre unos festivales evangel\u00edsticos que el predicador quiere realizar en el pa\u00eds suramericano. \u00bfQu\u00e9 opinas de esta noticia? Ve a www.Facebook.com\/mundocristiano y comenta. El encuentro se desarroll\u00f3 en el gabinete de trabajo de la residencia de Olivos. Participaron del mismo &hellip; <a href=\"https:\/\/www.biblia.work\/noticias\/luis-palau-conversa-con-mauricio-macri-sobre-futuros-festivales-evangelisticos\/\" class=\"more-link\">Continuar leyendo<span class=\"screen-reader-text\"> \u00abLuis Palau conversa con Mauricio Macri sobre futuros festivales evangel\u00edsticos\u00bb<\/span><\/a><\/p>\n","protected":false},"author":1,"featured_media":0,"comment_status":"open","ping_status":"closed","sticky":false,"template":"","format":"standard","meta":{"footnotes":""},"categories":[1],"tags":[],"class_list":["post-9320","post","type-post","status-publish","format-standard","hentry","category-general"],"_links":{"self":[{"href":"https:\/\/www.biblia.work\/noticias\/wp-json\/wp\/v2\/posts\/9320","targetHints":{"allow":["GET"]}}],"collection":[{"href":"https:\/\/www.biblia.work\/noticias\/wp-json\/wp\/v2\/posts"}],"about":[{"href":"https:\/\/www.biblia.work\/noticias\/wp-json\/wp\/v2\/types\/post"}],"author":[{"embeddable":true,"href":"https:\/\/www.biblia.work\/noticias\/wp-json\/wp\/v2\/users\/1"}],"replies":[{"embeddable":true,"href":"https:\/\/www.biblia.work\/noticias\/wp-json\/wp\/v2\/comments?post=9320"}],"version-history":[{"count":0,"href":"https:\/\/www.biblia.work\/noticias\/wp-json\/wp\/v2\/posts\/9320\/revisions"}],"wp:attachment":[{"href":"https:\/\/www.biblia.work\/noticias\/wp-json\/wp\/v2\/media?parent=9320"}],"wp:term":[{"taxonomy":"category","embeddable":true,"href":"https:\/\/www.biblia.work\/noticias\/wp-json\/wp\/v2\/categories?post=9320"},{"taxonomy":"post_tag","embeddable":true,"href":"https:\/\/www.biblia.work\/noticias\/wp-json\/wp\/v2\/tags?post=9320"}],"curies":[{"name":"wp","href":"https:\/\/api.w.org\/{rel}","templated":true}]}}