{"id":9327,"date":"2016-11-26T02:05:02","date_gmt":"2016-11-26T07:05:02","guid":{"rendered":"http:\/\/www.biblia.work\/noticias\/muere-expresidente-cubano-fidel-castro\/"},"modified":"2016-11-26T02:05:02","modified_gmt":"2016-11-26T07:05:02","slug":"muere-expresidente-cubano-fidel-castro","status":"publish","type":"post","link":"https:\/\/www.biblia.work\/noticias\/muere-expresidente-cubano-fidel-castro\/","title":{"rendered":"Muere expresidente cubano Fidel Castro"},"content":{"rendered":"<p style=\"text-align: justify\">Fallece el expresidente de Cuba, Fidel Castro, dijo su hermano, el presidente Ra\u00fal Castro en la televisi\u00f3n estatal el viernes por la noche. Ten\u00eda 90 a\u00f1os. <\/p>\n<p style=\"text-align: justify\">\u00abEl l\u00edder hist\u00f3rico de la Revoluci\u00f3n cubana falleci\u00f3 en la noche del viernes, 25 de noviembre, a las 22.29 horas, y sus restos ser\u00e1n cremados, atendiendo su voluntad expresa\u00bb, dijo emocionado el mandatario. <\/p>\n<p style=\"text-align: justify\">Ra\u00fal Castro agreg\u00f3 que en las pr\u00f3ximas horas se anunciar\u00e1 c\u00f3mo se realizar\u00e1n las exequias de Fidel Castro, a quien se vio por \u00faltima vez el pasado 15 de noviembre, cuando recibi\u00f3 en su residencia al presidente de Vietnam, Tran Dai Quang. <\/p>\n<p style=\"text-align: justify\">Fidel Castro abandon\u00f3 el poder hace justo diez a\u00f1os, en 2006, por problemas de salud. Ra\u00fal Castro, cinco a\u00f1os menor, tom\u00f3 el mando entonces provisionalmente y dos a\u00f1os despu\u00e9s, en 2008, lo sucedi\u00f3 formalmente como presidente de Cuba. <\/p>\n","protected":false},"excerpt":{"rendered":"<p>Fallece el expresidente de Cuba, Fidel Castro, dijo su hermano, el presidente Ra\u00fal Castro en la televisi\u00f3n estatal el viernes por la noche. Ten\u00eda 90 a\u00f1os. \u00abEl l\u00edder hist\u00f3rico de la Revoluci\u00f3n cubana falleci\u00f3 en la noche del viernes, 25 de noviembre, a las 22.29 horas, y sus restos ser\u00e1n cremados, atendiendo su voluntad expresa\u00bb, &hellip; <a href=\"https:\/\/www.biblia.work\/noticias\/muere-expresidente-cubano-fidel-castro\/\" class=\"more-link\">Continuar leyendo<span class=\"screen-reader-text\"> \u00abMuere expresidente cubano Fidel Castro\u00bb<\/span><\/a><\/p>\n","protected":false},"author":1,"featured_media":0,"comment_status":"open","ping_status":"closed","sticky":false,"template":"","format":"standard","meta":{"footnotes":""},"categories":[1],"tags":[],"class_list":["post-9327","post","type-post","status-publish","format-standard","hentry","category-general"],"_links":{"self":[{"href":"https:\/\/www.biblia.work\/noticias\/wp-json\/wp\/v2\/posts\/9327","targetHints":{"allow":["GET"]}}],"collection":[{"href":"https:\/\/www.biblia.work\/noticias\/wp-json\/wp\/v2\/posts"}],"about":[{"href":"https:\/\/www.biblia.work\/noticias\/wp-json\/wp\/v2\/types\/post"}],"author":[{"embeddable":true,"href":"https:\/\/www.biblia.work\/noticias\/wp-json\/wp\/v2\/users\/1"}],"replies":[{"embeddable":true,"href":"https:\/\/www.biblia.work\/noticias\/wp-json\/wp\/v2\/comments?post=9327"}],"version-history":[{"count":0,"href":"https:\/\/www.biblia.work\/noticias\/wp-json\/wp\/v2\/posts\/9327\/revisions"}],"wp:attachment":[{"href":"https:\/\/www.biblia.work\/noticias\/wp-json\/wp\/v2\/media?parent=9327"}],"wp:term":[{"taxonomy":"category","embeddable":true,"href":"https:\/\/www.biblia.work\/noticias\/wp-json\/wp\/v2\/categories?post=9327"},{"taxonomy":"post_tag","embeddable":true,"href":"https:\/\/www.biblia.work\/noticias\/wp-json\/wp\/v2\/tags?post=9327"}],"curies":[{"name":"wp","href":"https:\/\/api.w.org\/{rel}","templated":true}]}}