{"id":9330,"date":"2016-11-26T06:15:02","date_gmt":"2016-11-26T11:15:02","guid":{"rendered":"http:\/\/www.biblia.work\/noticias\/francisco-entrega-el-premio-ratzinger-expresamos-tambien-nuestro-gran-carino-hacia-benedicto-xvi\/"},"modified":"2016-11-26T06:15:02","modified_gmt":"2016-11-26T11:15:02","slug":"francisco-entrega-el-premio-ratzinger-expresamos-tambien-nuestro-gran-carino-hacia-benedicto-xvi","status":"publish","type":"post","link":"https:\/\/www.biblia.work\/noticias\/francisco-entrega-el-premio-ratzinger-expresamos-tambien-nuestro-gran-carino-hacia-benedicto-xvi\/","title":{"rendered":"Francisco entrega el Premio Ratzinger: \u2018Expresamos tambi\u00e9n nuestro gran cari\u00f1o hacia Benedicto XVI\u2019"},"content":{"rendered":"<p style=\"text-align: justify\">(ZENIT &#8211; Ciudad del Vaticano).- El papa Francisco entreg\u00f3 este s\u00e1bado por la ma\u00f1ana en el Vaticano el \u201cPremio Ratzinger\u201d a un profesor de teolog\u00eda de la Universidad de Lugano, y al profesor ortodoxo Ioannis Kourempeles, profesor de Historia de los dogmas y teolog\u00eda dogm\u00e1tica en la Universidad Arist\u00f3teles de Sal\u00f3nico.<\/p>\n<p style=\"text-align: justify\">La ceremonia de entrega del galard\u00f3n del premio instituido en el 2011 por la &#8216;Fundaci\u00f3n vaticana Joseph Ratzinger \u2013 Benedicto XVI&#8217; se realiz\u00f3 en el Sala Clementina del Palacio Apost\u00f3lico.<\/p>\n<p style=\"text-align: justify\">El Santo Padre se\u00f1al\u00f3 que participar a este evento \u201ces para mi tambi\u00e9n un modo de expresar una vez m\u00e1s junto a ustedes, nuestro gran cari\u00f1o y reconocimiento hacia el papa em\u00e9rito Benedicto XVI, quien nos sigue acompa\u00f1ando tambi\u00e9n ahora con su oraci\u00f3n\u201d.<\/p>\n<p style=\"text-align: justify\">Francisco record\u00f3 que el Jubileo de la Misericordia apenas concluido \u201cnos ha recordado muchas veces que la misericordia est\u00e1 en el coraz\u00f3n del &#8216;protocolo&#8217; con el cual Jes\u00fas dice que seremos juzgados: Tuve hambre y me han dado de comer, tuve sed y me dieron de beber&#8230;&#8217;\u201d (Mt 25,35).<\/p>\n<p style=\"text-align: justify\">El Papa abord\u00f3 as\u00ed el tema de la escatolog\u00eda, vale a decir la reflexi\u00f3n que se interroga sobre el destino \u00faltimo del ser humano y del universo. Y se\u00f1al\u00f3 que el tema de la escatolog\u00eda \u201ces fundamental cuando se reflexiona sobre el sentido de nuestra vida y nuestra historia, sin quedarnos cerrados en una impostaci\u00f3n materialista o de todos modos intramundana\u201d.<\/p>\n<p style=\"text-align: justify\">\u201cSabemos que el tema de la escatolog\u00eda -prosigui\u00f3 el Papa- ha ocupado un lugar muy importante en el trabajo teol\u00f3gico del Prof. Joseph Ratzinger, durante su actividad como prefecto de la Congregaci\u00f3n para la doctrina de la fe y tambi\u00e9n en su magisterio durante el pontificado\u201d. Y cit\u00f3 en este sentido la enc\u00edciclica Spe Salvi, por las \u201cprofundas consideraciones sobre la via eterna y sobre la esperanza\u201d.<\/p>\n<p style=\"text-align: justify\">A\u00f1adi\u00f3 que \u201cla profundidad del pensamiento\u201d del papa em\u00e9rito \u201cnos ayuda a permanecer abiertos al horizonte de la eternidad, dando as\u00ed sentido tambi\u00e9n a nuestras esperanzas y a nuestros empe\u00f1os humanos\u201d. Porque su pensamiento \u201ces un magisterio fecundo que sabe concentrarse sobre referencias fundamentales de nuestra vida cristiana\u201d como lo son \u201cla persona de Jesucristo, la caridad, la esperanza, la fe\u201d. Motivo por el cual \u201ctoda la Iglesia le guardar\u00e1 gratitud por siempre\u201d.<\/p>\n<p style=\"text-align: justify\">Felicit\u00f3 tambi\u00e9n a los organizadores del Simposio internacional sobre el tema de la Escatolog\u00eda que se acaba de realizar en la Universidad de la Santa Cruz, y concluy\u00f3 hoy en el Agustinianum, con la exposici\u00f3n del cardenal Gianfranco Ravasi.<\/p>\n<p style=\"text-align: justify\">Felicit\u00f3 tambi\u00e9n a quienes fueron galardonados: a Mons. Inos Biffi, a la carrera de un gran te\u00f3logo; y al joven profesor Ioannis Kourempeles, a quien le anim\u00f3 a proseguir profundizando sobre el pensamiento de Ratzinger y la teolg\u00eda ortodoxa.<\/p>\n<p><span class=\"et_bloom_bottom_trigger\"><\/span><\/p>\n<p><a href=\"https:\/\/es.zenit.org\/\" target=\"_blank\" rel=\"nofollow\">Fuente: es.zenit.org<\/a><\/p>\n","protected":false},"excerpt":{"rendered":"<p>(ZENIT &#8211; Ciudad del Vaticano).- El papa Francisco entreg\u00f3 este s\u00e1bado por la ma\u00f1ana en el Vaticano el \u201cPremio Ratzinger\u201d a un profesor de teolog\u00eda de la Universidad de Lugano, y al profesor ortodoxo Ioannis Kourempeles, profesor de Historia de los dogmas y teolog\u00eda dogm\u00e1tica en la Universidad Arist\u00f3teles de Sal\u00f3nico. La ceremonia de entrega &hellip; <a href=\"https:\/\/www.biblia.work\/noticias\/francisco-entrega-el-premio-ratzinger-expresamos-tambien-nuestro-gran-carino-hacia-benedicto-xvi\/\" class=\"more-link\">Continuar leyendo<span class=\"screen-reader-text\"> \u00abFrancisco entrega el Premio Ratzinger: \u2018Expresamos tambi\u00e9n nuestro gran cari\u00f1o hacia Benedicto XVI\u2019\u00bb<\/span><\/a><\/p>\n","protected":false},"author":1,"featured_media":0,"comment_status":"open","ping_status":"closed","sticky":false,"template":"","format":"standard","meta":{"footnotes":""},"categories":[1],"tags":[],"class_list":["post-9330","post","type-post","status-publish","format-standard","hentry","category-general"],"_links":{"self":[{"href":"https:\/\/www.biblia.work\/noticias\/wp-json\/wp\/v2\/posts\/9330","targetHints":{"allow":["GET"]}}],"collection":[{"href":"https:\/\/www.biblia.work\/noticias\/wp-json\/wp\/v2\/posts"}],"about":[{"href":"https:\/\/www.biblia.work\/noticias\/wp-json\/wp\/v2\/types\/post"}],"author":[{"embeddable":true,"href":"https:\/\/www.biblia.work\/noticias\/wp-json\/wp\/v2\/users\/1"}],"replies":[{"embeddable":true,"href":"https:\/\/www.biblia.work\/noticias\/wp-json\/wp\/v2\/comments?post=9330"}],"version-history":[{"count":0,"href":"https:\/\/www.biblia.work\/noticias\/wp-json\/wp\/v2\/posts\/9330\/revisions"}],"wp:attachment":[{"href":"https:\/\/www.biblia.work\/noticias\/wp-json\/wp\/v2\/media?parent=9330"}],"wp:term":[{"taxonomy":"category","embeddable":true,"href":"https:\/\/www.biblia.work\/noticias\/wp-json\/wp\/v2\/categories?post=9330"},{"taxonomy":"post_tag","embeddable":true,"href":"https:\/\/www.biblia.work\/noticias\/wp-json\/wp\/v2\/tags?post=9330"}],"curies":[{"name":"wp","href":"https:\/\/api.w.org\/{rel}","templated":true}]}}