{"id":9333,"date":"2016-11-26T07:15:02","date_gmt":"2016-11-26T12:15:02","guid":{"rendered":"http:\/\/www.biblia.work\/noticias\/murio-fidel-castro-el-comandante-de-la-revolucion-cubana\/"},"modified":"2016-11-26T07:15:02","modified_gmt":"2016-11-26T12:15:02","slug":"murio-fidel-castro-el-comandante-de-la-revolucion-cubana","status":"publish","type":"post","link":"https:\/\/www.biblia.work\/noticias\/murio-fidel-castro-el-comandante-de-la-revolucion-cubana\/","title":{"rendered":"Muri\u00f3 Fidel Castro, el comandante de la Revoluci\u00f3n cubana"},"content":{"rendered":"<p style=\"text-align: justify\">(ZENIT \u2013 Roma).- El presidente cubano Ra\u00fal Castro, en un mensaje\u00a0le\u00eddo que fue divulgado a trav\u00e9s de los medios estatales, se\u00f1al\u00f3 que su hermano Fidel falleci\u00f3 este viernes a los 90 a\u00f1os de edad.<\/p>\n<p style=\"text-align: justify\">&#8220;Con profundo dolor comparezco para informar a nuestro pueblo (&#8230;) que hoy 25 de noviembre de 2016 a las 10:29 de la noche falleci\u00f3 el comandante en jefe de la Revoluci\u00f3n Cubana, Fidel Castro Ruz&#8221;, dijo su hermano que\u00a0vest\u00eda el uniforme verde oliva.<\/p>\n<p style=\"text-align: justify\">Fidel Castro estuvo en el poder durante casi cincuenta a\u00f1os: fue mandatario de su pa\u00eds como primer ministro (1959-1976) y presidente (1976-2008). Tambi\u00e9n fue comandante en jefe de las Fuerzas Armadas Revolucionarias (1956-2008).<\/p>\n<p style=\"text-align: justify\">\u201cLa Comisi\u00f3n Organizadora del Comit\u00e9 Central del Partido, el Estado y el Gobierno para las honras f\u00fanebres&#8221; inform\u00f3 en un comunicado oficial\u00a0que el\u00a028 y 29 de noviembre, &#8220;en el Memorial Jos\u00e9 Mart\u00ed&#8221;\u00a0la poblaci\u00f3n\u00a0&#8220;podr\u00e1 acudir a rendirle merecido homenaje a su l\u00edder&#8221;.<\/p>\n<p style=\"text-align: justify\">A\u00f1ade que el lunes 28 y el martes 29 de noviembre en diversas localidades de la isla, se podr\u00e1 \u201crendir homenaje y firmar el solemne juramento de cumplir el concepto de Revoluci\u00f3n\u201d, as\u00ed como \u201cexpresi\u00f3n de la voluntad de dar continuidad a sus ideas y a nuestro socialismo\u201d.<\/p>\n<p style=\"text-align: justify\">Le seguir\u00e1 un acto de masas en la Plaza de la Revoluci\u00f3n \u201cJos\u00e9 Mart\u00ed\u201d de la capital y al d\u00eda siguiente \u201cse iniciar\u00e1 el traslado de sus cenizas por el itinerario que rememora La Caravana de la Libertad en enero de 1959, hasta la provincia de Santiago de Cuba, concluyendo el d\u00eda 3 de diciembre\u201d.<\/p>\n<p style=\"text-align: justify\">Le seguir\u00e1 otro acto en la Plaza \u201cAntonio Maceo\u201d y la ceremonia de inhumaci\u00f3n ser\u00e1 el 4 de diciembre en el cementerio de \u201cSanta Ifigenia\u201d.<\/p>\n<p style=\"text-align: justify\">En enero de 1998 Fidel Castro recibi\u00f3 al papa Juan Pablo II en La Habana, momento en el que el pont\u00edfice polaco pidi\u00f3 que \u201cCuba se abra m\u00e1s al mundo y el mundo se abra m\u00e1s a Cuba\u201d.<\/p>\n<p style=\"text-align: justify\">En 2012 Benedicto XVI visti\u00f3 la Isla\u00a0entre el 26 y el 28 de marzo, como parte de la segundo viaje apost\u00f3lico a Am\u00e9rica Latina.<\/p>\n<p style=\"text-align: justify\">Y el papa Francisco estuvo en Cuba\u00a0del 19 al 21 de septiembre de 2015, en el viaje apost\u00f3lico que le llev\u00f3 tambi\u00e9n a Estados Unidos, cuando particip\u00f3 el Filadelfia a la Jornada Mundial de las Familias.<\/p>\n<p><span class=\"et_bloom_bottom_trigger\"><\/span><\/p>\n<p><a href=\"https:\/\/es.zenit.org\/\" target=\"_blank\" rel=\"nofollow\">Fuente: es.zenit.org<\/a><\/p>\n","protected":false},"excerpt":{"rendered":"<p>(ZENIT \u2013 Roma).- El presidente cubano Ra\u00fal Castro, en un mensaje\u00a0le\u00eddo que fue divulgado a trav\u00e9s de los medios estatales, se\u00f1al\u00f3 que su hermano Fidel falleci\u00f3 este viernes a los 90 a\u00f1os de edad. &#8220;Con profundo dolor comparezco para informar a nuestro pueblo (&#8230;) que hoy 25 de noviembre de 2016 a las 10:29 de &hellip; <a href=\"https:\/\/www.biblia.work\/noticias\/murio-fidel-castro-el-comandante-de-la-revolucion-cubana\/\" class=\"more-link\">Continuar leyendo<span class=\"screen-reader-text\"> \u00abMuri\u00f3 Fidel Castro, el comandante de la Revoluci\u00f3n cubana\u00bb<\/span><\/a><\/p>\n","protected":false},"author":1,"featured_media":0,"comment_status":"open","ping_status":"closed","sticky":false,"template":"","format":"standard","meta":{"footnotes":""},"categories":[1],"tags":[],"class_list":["post-9333","post","type-post","status-publish","format-standard","hentry","category-general"],"_links":{"self":[{"href":"https:\/\/www.biblia.work\/noticias\/wp-json\/wp\/v2\/posts\/9333","targetHints":{"allow":["GET"]}}],"collection":[{"href":"https:\/\/www.biblia.work\/noticias\/wp-json\/wp\/v2\/posts"}],"about":[{"href":"https:\/\/www.biblia.work\/noticias\/wp-json\/wp\/v2\/types\/post"}],"author":[{"embeddable":true,"href":"https:\/\/www.biblia.work\/noticias\/wp-json\/wp\/v2\/users\/1"}],"replies":[{"embeddable":true,"href":"https:\/\/www.biblia.work\/noticias\/wp-json\/wp\/v2\/comments?post=9333"}],"version-history":[{"count":0,"href":"https:\/\/www.biblia.work\/noticias\/wp-json\/wp\/v2\/posts\/9333\/revisions"}],"wp:attachment":[{"href":"https:\/\/www.biblia.work\/noticias\/wp-json\/wp\/v2\/media?parent=9333"}],"wp:term":[{"taxonomy":"category","embeddable":true,"href":"https:\/\/www.biblia.work\/noticias\/wp-json\/wp\/v2\/categories?post=9333"},{"taxonomy":"post_tag","embeddable":true,"href":"https:\/\/www.biblia.work\/noticias\/wp-json\/wp\/v2\/tags?post=9333"}],"curies":[{"name":"wp","href":"https:\/\/api.w.org\/{rel}","templated":true}]}}