{"id":9337,"date":"2016-11-26T08:05:02","date_gmt":"2016-11-26T13:05:02","guid":{"rendered":"http:\/\/www.biblia.work\/noticias\/fidel-castro-lider-comunista-que-se-reunio-con-tres-papas-murio-a-los-90-anos\/"},"modified":"2016-11-26T08:05:02","modified_gmt":"2016-11-26T13:05:02","slug":"fidel-castro-lider-comunista-que-se-reunio-con-tres-papas-murio-a-los-90-anos","status":"publish","type":"post","link":"https:\/\/www.biblia.work\/noticias\/fidel-castro-lider-comunista-que-se-reunio-con-tres-papas-murio-a-los-90-anos\/","title":{"rendered":"Fidel Castro, l\u00edder comunista que se reuni\u00f3 con tres Papas, muri\u00f3 a los 90 a\u00f1os"},"content":{"rendered":"<p> ROMA, 26 Nov. 16 (ACI).-<br \/>\n\tFidel Castro, que gobern&oacute; Cuba durante cerca de 50 a&ntilde;os y recibi&oacute; en la isla a tres Papas, falleci&oacute; la noche del 25 de noviembre, anunci&oacute; su hermano y actual presidente del Consejo de Estado de Cuba, Ra&uacute;l Castro, alrededor de la medianoche.<\/p>\n<p style=\"text-align: justify\">\n\tEn su mensaje a la naci&oacute;n, Ra&uacute;l Castro indic&oacute; que &ldquo;con profundo dolor comparezco para informar a nuestro pueblo, a los amigos de nuestra Am&eacute;rica y del mundo, que hoy, 25 de noviembre del 2016, a las 10 y 29 horas de la noche falleci&oacute; el comandante jefe de la revoluci&oacute;n cubana, Fidel Castro Ruz&rdquo;.<\/p>\n<p style=\"text-align: justify\">\n\tEl hermano menor de Fidel se&ntilde;al&oacute; que &ldquo;en cumplimiento de la voluntad expresa del compa&ntilde;ero Fidel, sus restos ser&aacute;n cremados a las primeras horas de ma&ntilde;ana s&aacute;bado 26&rdquo;.<\/p>\n<p style=\"text-align: justify\">\n\tEl Consejo de Estado de Cuba decret&oacute; 9 d&iacute;as de duelo nacional, y anunci&oacute; que los restos de Fidel Castro ser&aacute;n enterradas el 4 de diciembre a las 7:00 a.m. (hora local), en el cementerio de Santa Ifigenia, en Santiago de Cuba.<\/p>\n<p style=\"text-align: justify\">\n\tFidel Castro lleg&oacute; al poder en Cuba en enero de 1959, tras una insurgencia armada que derroc&oacute; al dictador Fulgencio Batista. Tras declararse marxista-leninista y anunciar que conducir&iacute;a a Cuba al comunismo, suprimiendo diversas instituciones cat&oacute;licas en la isla, Castro fue excomulgado por San Juan XXIII, en 1962.<\/p>\n<p style=\"text-align: justify\">\n\tPara 1992, Castro disminuy&oacute; las restricciones a los cat&oacute;licos y dej&oacute; de llamar a Cuba un pa&iacute;s &ldquo;ateo&rdquo; para calificarlo de &ldquo;secular&rdquo;.<\/p>\n<p style=\"text-align: justify\">\n\tEn enero de 1998 San Juan Pablo II visit&oacute; Cuba, y alent&oacute; a que &ldquo;Cuba se abra con todas sus magn&iacute;ficas posibilidades al mundo y que el mundo se abra a Cuba&rdquo;. Para finales de ese a&ntilde;o, Fidel Castro permiti&oacute; por primera vez que se celebrara Navidad en la isla.<\/p>\n<p style=\"text-align: justify\">\n\tEn 2006, Fidel Castro cedi&oacute; el poder, de forma temporal, a su hermano Ra&uacute;l Castro. Dos a&ntilde;os despu&eacute;s, debido a sus crecientes problemas de salud, la sucesi&oacute;n se hizo definitiva.<\/p>\n<p style=\"text-align: justify\">\n\tEl Papa Benedicto XVI visit&oacute; la isla en marzo de 2012 y sostuvo un encuentro de alrededor de media hora con Castro, en la Nunciatura Apost&oacute;lica en La Habana.<\/p>\n<p style=\"text-align: justify\">\n\tEn 2015, el Papa Francisco viaj&oacute; a Cuba y se encontr&oacute; con Castro en su vivienda. Ah&iacute; dialogaron sobre los grandes desaf&iacute;os de la actualidad, como la educaci&oacute;n y el cuidado de la creaci&oacute;n.<\/p>\n<p style=\"text-align: justify\">\n\tEn esa ocasi&oacute;n, el Santo Padre obsequi&oacute; a Castro dos libros del sacerdote italiano Alessandro Pronzato, adem&aacute;s de sus enc&iacute;clicas Evangelii Gaudium y Laudato Si&rsquo;. El Pont&iacute;fice tambi&eacute;n le entreg&oacute; un libro y dos CDs con canciones y homil&iacute;as del sacerdote jesuita espa&ntilde;ol P. Armando Llorente, que fue profesor de Fidel.<\/p>\n<p style=\"text-align: justify\">\n\tEn un comunicado publicado el 26 de noviembre de 2016, el Movimiento Cristiano Liberaci&oacute;n (MCL), fundado en 1988 por el fallecido Oswaldo Pay&aacute;, entre otros, calific&oacute; la muerte de Fidel Castro como &ldquo;un hecho biol&oacute;gico&rdquo;, en el cual &ldquo;no depositamos la esperanza de cambio&rdquo;, pues &ldquo;esto nos llevar&iacute;a a esperar que la trasformaci&oacute;n democr&aacute;tica dependa, entonces, del pr&oacute;ximo hecho biol&oacute;gico&rdquo;.<\/p>\n<p style=\"text-align: justify\">\n\tEl MCL ha trabajado durante casi tres d&eacute;cadas por un &ldquo;cambio pac&iacute;fico y democr&aacute;tico y de respeto a la dignidad humana&rdquo; en Cuba.<\/p>\n<p style=\"text-align: justify\">\n\tPara el Movimiento Cristiano Liberaci&oacute;n, tras la muerte de Fidel Castro, &ldquo;la esperanza de cambio la depositamos en lo que podamos hacer los propios cubanos, de dentro y de fuera, pues somos un solo pueblo y tampoco depende de la existencia o no de relaciones con otros pa&iacute;ses&rdquo;.<\/p>\n<p style=\"text-align: justify\">\n\tActualmente, el MCL, con su campa&ntilde;a &ldquo;Un cubano, un voto&rdquo;, busca &ldquo;la celebraci&oacute;n de elecciones libres y plurales&rdquo; en la isla.<\/p>\n<p style=\"text-align: justify\">\n\tPor su parte, Rosa Mar&iacute;a Pay&aacute;, hija de Oswaldo Pay&aacute;, se&ntilde;al&oacute; en su cuenta en Twitter que &ldquo;hoy muere un s&iacute;mbolo del terror pero no el terror. Eso lo tenemos que enterrar los cubanos junto al totalitarismo&rdquo;.<\/p>\n<p style=\"text-align: justify\">\n\tDurante su visita a Cuba, en septiembre de 2015, el Papa Francisco alent&oacute; a los cubanos a &ldquo;vivir la revoluci&oacute;n de la ternura&rdquo;, siguiendo el ejemplo de la Virgen Mar&iacute;a.<\/p>\n<p style=\"text-align: justify\">\n\t&ldquo;Nuestra revoluci&oacute;n pasa por la ternura, por la alegr&iacute;a que se hace siempre projimidad, que se hace siempre compasi&oacute;n que no es l&aacute;stima, es padecer con para liberar; y nos lleva a involucrarnos, para servir, en la vida de los dem&aacute;s&rdquo;, dijo en esa ocasi&oacute;n en el Santuario de la Virgen de la Caridad del Cobre.<\/p>\n<p style=\"text-align: justify\">\n\tTambi&eacute;n te puede interesar:<\/p>\n<p style=\"text-align: justify\">\n\t\tEl Papa regala a Fidel Castro recuerdos del sacerdote y ex maestro que pidi&oacute; su conversi&oacute;n http:\/\/t.co\/5H5QyKeCTJ<\/p>\n<p>\t&mdash; ACI Prensa (@aciprensa) 20 de septiembre de 2015<\/p>\n","protected":false},"excerpt":{"rendered":"<p>ROMA, 26 Nov. 16 (ACI).- Fidel Castro, que gobern&oacute; Cuba durante cerca de 50 a&ntilde;os y recibi&oacute; en la isla a tres Papas, falleci&oacute; la noche del 25 de noviembre, anunci&oacute; su hermano y actual presidente del Consejo de Estado de Cuba, Ra&uacute;l Castro, alrededor de la medianoche. En su mensaje a la naci&oacute;n, Ra&uacute;l &hellip; <a href=\"https:\/\/www.biblia.work\/noticias\/fidel-castro-lider-comunista-que-se-reunio-con-tres-papas-murio-a-los-90-anos\/\" class=\"more-link\">Continuar leyendo<span class=\"screen-reader-text\"> \u00abFidel Castro, l\u00edder comunista que se reuni\u00f3 con tres Papas, muri\u00f3 a los 90 a\u00f1os\u00bb<\/span><\/a><\/p>\n","protected":false},"author":1,"featured_media":0,"comment_status":"open","ping_status":"closed","sticky":false,"template":"","format":"standard","meta":{"footnotes":""},"categories":[1],"tags":[],"class_list":["post-9337","post","type-post","status-publish","format-standard","hentry","category-general"],"_links":{"self":[{"href":"https:\/\/www.biblia.work\/noticias\/wp-json\/wp\/v2\/posts\/9337","targetHints":{"allow":["GET"]}}],"collection":[{"href":"https:\/\/www.biblia.work\/noticias\/wp-json\/wp\/v2\/posts"}],"about":[{"href":"https:\/\/www.biblia.work\/noticias\/wp-json\/wp\/v2\/types\/post"}],"author":[{"embeddable":true,"href":"https:\/\/www.biblia.work\/noticias\/wp-json\/wp\/v2\/users\/1"}],"replies":[{"embeddable":true,"href":"https:\/\/www.biblia.work\/noticias\/wp-json\/wp\/v2\/comments?post=9337"}],"version-history":[{"count":0,"href":"https:\/\/www.biblia.work\/noticias\/wp-json\/wp\/v2\/posts\/9337\/revisions"}],"wp:attachment":[{"href":"https:\/\/www.biblia.work\/noticias\/wp-json\/wp\/v2\/media?parent=9337"}],"wp:term":[{"taxonomy":"category","embeddable":true,"href":"https:\/\/www.biblia.work\/noticias\/wp-json\/wp\/v2\/categories?post=9337"},{"taxonomy":"post_tag","embeddable":true,"href":"https:\/\/www.biblia.work\/noticias\/wp-json\/wp\/v2\/tags?post=9337"}],"curies":[{"name":"wp","href":"https:\/\/api.w.org\/{rel}","templated":true}]}}