{"id":9338,"date":"2016-11-26T08:40:04","date_gmt":"2016-11-26T13:40:04","guid":{"rendered":"http:\/\/www.biblia.work\/noticias\/papa-voluntarios-al-servicio-de-la-promocion-social-con-jesus-modelo-perfecto-de-humanidad-aliento-a-jovenes-del-servicio-civil-italiano\/"},"modified":"2016-11-26T08:40:04","modified_gmt":"2016-11-26T13:40:04","slug":"papa-voluntarios-al-servicio-de-la-promocion-social-con-jesus-modelo-perfecto-de-humanidad-aliento-a-jovenes-del-servicio-civil-italiano","status":"publish","type":"post","link":"https:\/\/www.biblia.work\/noticias\/papa-voluntarios-al-servicio-de-la-promocion-social-con-jesus-modelo-perfecto-de-humanidad-aliento-a-jovenes-del-servicio-civil-italiano\/","title":{"rendered":"Papa: voluntarios al servicio de la promoci\u00f3n social, con Jes\u00fas, modelo perfecto de humanidad. Aliento a j\u00f3venes del Servicio Civil italiano"},"content":{"rendered":"<p> <img src='http:\/\/media02.radiovaticana.va\/photo\/2016\/11\/17\/RV21293_Thumbnail.jpg' alt='' align='left' hspace='5'> <\/p>\n<p>REFLEXIONES EN FRONTERA, jesuita Guillermo Ortiz<\/p>\n<p><span><br \/>\n<audio class=\"video-js vjs-default-skin vjs-big-play-button-centered rv-custom-audio\" controls=\"\" id=\"audioItem_8969066\" preload=\"none\"><\/audio><br \/>\n<span class=\"rv-audio-download\"><a href=\"http:\/\/media02.radiovaticana.va\/audio\/audio2\/mp3\/00559297.mp3\" title=\"Download audio\"><img decoding=\"async\" src=\"http:\/\/es.radiovaticana.va\/Modules\/Presentation\/Styles\/images-common\/icons\/download-audio-mp3_off.png\" style=\"height: 30px\" \/><\/a><\/span> <\/span><\/p>\n<p>Como Reflexi&oacute;n Dominical con el texto del Evangelio 5 minutos&nbsp;<\/p>\n<p><span><br \/>\n<audio class=\"video-js vjs-default-skin vjs-big-play-button-centered rv-custom-audio\" controls=\"\" id=\"audioItem_8969067\" preload=\"none\"><\/audio><br \/>\n<span class=\"rv-audio-download\"><a href=\"http:\/\/media02.radiovaticana.va\/audio\/audio2\/mp3\/00559298.mp3\" title=\"Download audio\"><img decoding=\"async\" src=\"http:\/\/es.radiovaticana.va\/Modules\/Presentation\/Styles\/images-common\/icons\/download-audio-mp3_off.png\" style=\"height: 30px\" \/><\/a><\/span> <\/span><\/p>\n<p>Me refiero al Evangelio donde Jes&uacute;s le dice a la gente que como en aquel tiempo del famoso diluvio, ninguno sospechaba hasta que lleg&oacute; y los arrastr&oacute; a todos, as&iacute; suceder&aacute; cuando venga &eacute;l. Dice en el Evangelio que por eso tenemos que estar prevenidos, &ldquo;porque no saben el d&iacute;a que vendr&aacute; el Se&ntilde;or&rdquo;.<\/p>\n<p>Entiendo que as&iacute;, creer en Jesucristo es lo mismo que creer que vendr&aacute;, que Jesucristo volver&aacute;; que como decimos en el Credo, relamente &ldquo;ha de venir a juzgar a los vivos ya los muertos&rdquo;.<\/p>\n<p>En las lecturas de la semana Jes&uacute;s nos record&oacute; de varias formas que todo pasar&aacute;, que todo tiene fecha de vencimiento menos su Palabra, que no quedar&aacute; piedra sobre piedra del templo de Jerusal&eacute;n. Y el Papa Francisco comentando la lectura le agreg&oacute; que tampoco quedar&aacute; la bas&iacute;lica de san Pedro.<\/p>\n<p>La pregunta es si vos y yo estamos preparados para que en cualquier momento termine todo y todo sea absorbido por el inmenso agujero negro intergal&aacute;ctico. Mientras s&oacute;lo queda la Palabra de Dios que es Jes&uacute;s, victorioso del mal y de la muerte, resucitado, sosteniendo en sus manos a los m&aacute;s peque&ntilde;os y fr&aacute;giles que concientes de su pobreza se refugiaron en su abrazo, como la Madre de Dios en la pintura de Miguel Angel del juicio final.<\/p>\n<p>Es una actitud, m&aacute;s que un vestido. Es una conexi&oacute;n que tengo o no tengo con el amor hecho carne que es lo &uacute;nico que quedar&aacute;. &iquest;Cre&eacute;s o no cre&eacute;s?<\/p>\n<p>Pero no podemos quejarnos porque Jes&uacute;s ya nos lo advirti&oacute;. <a target=\"_blank\" rel=\"nofollow\" href=\"https:\/\/twitter.com\/jesuitaGuillo\">@jesuitaGuillo<\/a><\/p>\n<p>&nbsp;<\/p>\n<p>&nbsp;<\/p>\n<p><a href=\"http:\/\/es.radiovaticana.va\" target=\"_blank\" rel=\"nofollow\">Fuente: es.radiovaticana.va<\/a><\/p>\n","protected":false},"excerpt":{"rendered":"<p>REFLEXIONES EN FRONTERA, jesuita Guillermo Ortiz Como Reflexi&oacute;n Dominical con el texto del Evangelio 5 minutos&nbsp; Me refiero al Evangelio donde Jes&uacute;s le dice a la gente que como en aquel tiempo del famoso diluvio, ninguno sospechaba hasta que lleg&oacute; y los arrastr&oacute; a todos, as&iacute; suceder&aacute; cuando venga &eacute;l. Dice en el Evangelio que &hellip; <a href=\"https:\/\/www.biblia.work\/noticias\/papa-voluntarios-al-servicio-de-la-promocion-social-con-jesus-modelo-perfecto-de-humanidad-aliento-a-jovenes-del-servicio-civil-italiano\/\" class=\"more-link\">Continuar leyendo<span class=\"screen-reader-text\"> \u00abPapa: voluntarios al servicio de la promoci\u00f3n social, con Jes\u00fas, modelo perfecto de humanidad. Aliento a j\u00f3venes del Servicio Civil italiano\u00bb<\/span><\/a><\/p>\n","protected":false},"author":1,"featured_media":0,"comment_status":"open","ping_status":"closed","sticky":false,"template":"","format":"standard","meta":{"footnotes":""},"categories":[1],"tags":[],"class_list":["post-9338","post","type-post","status-publish","format-standard","hentry","category-general"],"_links":{"self":[{"href":"https:\/\/www.biblia.work\/noticias\/wp-json\/wp\/v2\/posts\/9338","targetHints":{"allow":["GET"]}}],"collection":[{"href":"https:\/\/www.biblia.work\/noticias\/wp-json\/wp\/v2\/posts"}],"about":[{"href":"https:\/\/www.biblia.work\/noticias\/wp-json\/wp\/v2\/types\/post"}],"author":[{"embeddable":true,"href":"https:\/\/www.biblia.work\/noticias\/wp-json\/wp\/v2\/users\/1"}],"replies":[{"embeddable":true,"href":"https:\/\/www.biblia.work\/noticias\/wp-json\/wp\/v2\/comments?post=9338"}],"version-history":[{"count":0,"href":"https:\/\/www.biblia.work\/noticias\/wp-json\/wp\/v2\/posts\/9338\/revisions"}],"wp:attachment":[{"href":"https:\/\/www.biblia.work\/noticias\/wp-json\/wp\/v2\/media?parent=9338"}],"wp:term":[{"taxonomy":"category","embeddable":true,"href":"https:\/\/www.biblia.work\/noticias\/wp-json\/wp\/v2\/categories?post=9338"},{"taxonomy":"post_tag","embeddable":true,"href":"https:\/\/www.biblia.work\/noticias\/wp-json\/wp\/v2\/tags?post=9338"}],"curies":[{"name":"wp","href":"https:\/\/api.w.org\/{rel}","templated":true}]}}