{"id":9339,"date":"2016-11-26T08:40:04","date_gmt":"2016-11-26T13:40:04","guid":{"rendered":"http:\/\/www.biblia.work\/noticias\/estas-preparado-o-pensas-que-no-sucedera-jamas-aquello-anunciado-por-jesus-en-el-evangelio\/"},"modified":"2016-11-26T08:40:04","modified_gmt":"2016-11-26T13:40:04","slug":"estas-preparado-o-pensas-que-no-sucedera-jamas-aquello-anunciado-por-jesus-en-el-evangelio","status":"publish","type":"post","link":"https:\/\/www.biblia.work\/noticias\/estas-preparado-o-pensas-que-no-sucedera-jamas-aquello-anunciado-por-jesus-en-el-evangelio\/","title":{"rendered":"\u00bfEst\u00e1s preparado? o \u00bfpens\u00e1s que no suceder\u00e1 jam\u00e1s aquello anunciado por Jes\u00fas en el Evangelio?"},"content":{"rendered":"<p> <img src='http:\/\/media02.radiovaticana.va\/photo\/2016\/06\/28\/ANSA1033950_Thumbnail.jpg' alt='' align='left' hspace='5'> <\/p>\n<p><span><br \/>\n<audio class=\"video-js vjs-default-skin vjs-big-play-button-centered rv-custom-audio\" controls=\"\" id=\"audioItem_8973041\" preload=\"none\"><\/audio><br \/>\n<span class=\"rv-audio-download\"><a href=\"http:\/\/media02.radiovaticana.va\/audio\/audio2\/mp3\/00559349.mp3\" title=\"Download audio\"><img decoding=\"async\" src=\"http:\/\/es.radiovaticana.va\/Modules\/Presentation\/Styles\/images-common\/icons\/download-audio-mp3_off.png\" style=\"height: 30px\" \/><\/a><\/span> <\/span><\/p>\n<p>(RV).- &ldquo;Los felicito por el buen &eacute;xito del Simposio Internacional sobre el tema &lsquo;Escatolog&iacute;a: an&aacute;lisis y perspectiva&rsquo; que tuvo lugar en d&iacute;as pasados en la Universidad de la Santa Cruz en Roma&rdquo;: fueron las palabras del Papa Francisco en la ceremonia de entrega del Premio Ratzinger, que tuvo lugar en la ma&ntilde;ana de este s&aacute;bado en la Sala Clementina en el Vaticano.&nbsp;<\/p>\n<p>El importante reconocimiento otorgado por la Fundaci&oacute;n vaticana Joseph Ratzinger-Benedicto XVI a estudiosos que se han distinguido por particulares m&eacute;ritos en la actividad investigaci&oacute;n cient&iacute;fica de car&aacute;cter teol&oacute;gico, fue entregado este a&ntilde;o de las manos del Pont&iacute;fice a&nbsp;Mons.&nbsp;Inos Biffi,&nbsp;docente, te&oacute;logo y liturgista de fama internacional y al profesor y te&oacute;logo greco&nbsp;Ioannis Kourempeles, de la Facultad de Teolog&iacute;a&nbsp; de la Universidad de Sal&oacute;nica y primer ortodoxo en ser galardonado con el Premio de la Fundaci&oacute;n Vaticana.<\/p>\n<p>Al iniciar el breve y rico discurso el Obispo de Roma afirm&oacute; que para &eacute;l esta ocasi&oacute;n es tambi&eacute;n un modo para expresar una vez m&aacute;s, junto a los participantes en el congreso &ldquo;nuestro gran afecto y nuestro reconocimiento por el Papa em&eacute;rito Benedicto XVI, que contin&uacute;a a acompa&ntilde;arnos tambi&eacute;n ahora con su oraci&oacute;n&rdquo;.<\/p>\n<p>Francisco destac&oacute; que el tema de la Escatolog&iacute;a, tratado en el encuentro concluido esta ma&ntilde;ana, &ldquo;ha ocupado un lugar muy importante en el trabajo teol&oacute;gico del Profesor Joseph Ratzinger, en su actividad como Prefecto de la Congregaci&oacute;n para la Doctrina de la Fe y finalmente en su magisterio durante el Pontificado&rdquo;. &ldquo;No podemos olvidar &ndash; afirm&oacute; &ndash; sus profundas consideraciones sobre la vida eterna y sobre la esperanza en la Enc&iacute;clica Spe Salvi&rdquo;.<\/p>\n<p>El tema de la escatolog&iacute;a &ndash; subray&oacute; despu&eacute;s el Santo Padre &ndash; es fundamental cuando se refleja sobre el sentido de nuestra vida y de nuestra historia sin quedar encerrados en una formulaci&oacute;n materialista o puramente intramundana&rdquo;.<\/p>\n<p>El Papa se refiri&oacute; luego al Jubileo de la Misericordia apenas concluido, &ldquo;que nos ha recordado tantas veces que la misericordia est&aacute; en el coraz&oacute;n del protocolo sobre el cual Jes&uacute;s dice que seremos juzgados, y repiti&oacute; el pasaje del evangelio de Mateo: &ldquo;Tuve hambre y me dieron de comer, tuve sed y me dieron de beber&rdquo;.<\/p>\n<p>El Pont&iacute;fice sigui&oacute; concentrando sus palabras sobre la figura de Benedicto XVI y recalc&oacute; la profundidad del pensamiento de Joseph Ratzinger, que &ldquo;s&oacute;lidamente fundado en la Escritura y en los Padres y siempre nutrido de fe y de oraci&oacute;n, nos ayuda a permanecer abiertos al horizonte de la eternidad, dando as&iacute; sentido tambi&eacute;n a nuestras esperanzas y a nuestros compromisos humanos. &ldquo;El suyo &ndash; destac&oacute; &#8211; &nbsp;es un pensamiento y magisterio fecundo, que ha sabido concentrarse en las referencias fundamentales de nuestra vida cristiana, la persona de Jesucristo, la caridad, la esperanza, la fe. Y toda la Iglesia le estar&aacute; siempre agradecida&rdquo;.<\/p>\n<p>Finalmente, las felicitaciones de Francisco a &ldquo;las ilustres personalidades&quot; a quienes el Premio Ratzinger 2016 ha sido atribuido: &ldquo;a Mons. Inos Biffi, que recibe el premio como reconocimiento por los m&eacute;ritos de una vida entera dedicada a los estudios teol&oacute;gicos en la Iglesia y en su servicio&quot;. Un premio &ldquo;a la carrera de una gran te&oacute;logo&rdquo;, enfatiz&oacute; el Pont&iacute;fice.<\/p>\n<p>Y refiri&eacute;ndose al segundo galardonado, &ldquo;el m&aacute;s joven Profesor Ioannis Kourempeles&rdquo;, el Santo Padre motiv&oacute; la entrega del Premio por su &ldquo;inter&eacute;s al pensamiento del Joseph Ratzinger y como aliento para continuar a sondar la fecundidad del encuentro entre el pensamiento de Ratzinger y la teolog&iacute;a ortodoxa&quot;.<\/p>\n<p>Felicitando a los premiados por su trabajo teol&oacute;gico y a la Fundaci&oacute;n, el Papa expres&oacute; su deseo de que el Se&ntilde;or &ldquo;los bendiga siempre&rdquo;, junto a su &ldquo;servicio por su Reino&rdquo;.<\/p>\n<p>(MCM-RV)&nbsp;<\/p>\n<p><a href=\"http:\/\/es.radiovaticana.va\" target=\"_blank\" rel=\"nofollow\">Fuente: es.radiovaticana.va<\/a><\/p>\n","protected":false},"excerpt":{"rendered":"<p>(RV).- &ldquo;Los felicito por el buen &eacute;xito del Simposio Internacional sobre el tema &lsquo;Escatolog&iacute;a: an&aacute;lisis y perspectiva&rsquo; que tuvo lugar en d&iacute;as pasados en la Universidad de la Santa Cruz en Roma&rdquo;: fueron las palabras del Papa Francisco en la ceremonia de entrega del Premio Ratzinger, que tuvo lugar en la ma&ntilde;ana de este s&aacute;bado &hellip; <a href=\"https:\/\/www.biblia.work\/noticias\/estas-preparado-o-pensas-que-no-sucedera-jamas-aquello-anunciado-por-jesus-en-el-evangelio\/\" class=\"more-link\">Continuar leyendo<span class=\"screen-reader-text\"> \u00ab\u00bfEst\u00e1s preparado? o \u00bfpens\u00e1s que no suceder\u00e1 jam\u00e1s aquello anunciado por Jes\u00fas en el Evangelio?\u00bb<\/span><\/a><\/p>\n","protected":false},"author":1,"featured_media":0,"comment_status":"open","ping_status":"closed","sticky":false,"template":"","format":"standard","meta":{"footnotes":""},"categories":[1],"tags":[],"class_list":["post-9339","post","type-post","status-publish","format-standard","hentry","category-general"],"_links":{"self":[{"href":"https:\/\/www.biblia.work\/noticias\/wp-json\/wp\/v2\/posts\/9339","targetHints":{"allow":["GET"]}}],"collection":[{"href":"https:\/\/www.biblia.work\/noticias\/wp-json\/wp\/v2\/posts"}],"about":[{"href":"https:\/\/www.biblia.work\/noticias\/wp-json\/wp\/v2\/types\/post"}],"author":[{"embeddable":true,"href":"https:\/\/www.biblia.work\/noticias\/wp-json\/wp\/v2\/users\/1"}],"replies":[{"embeddable":true,"href":"https:\/\/www.biblia.work\/noticias\/wp-json\/wp\/v2\/comments?post=9339"}],"version-history":[{"count":0,"href":"https:\/\/www.biblia.work\/noticias\/wp-json\/wp\/v2\/posts\/9339\/revisions"}],"wp:attachment":[{"href":"https:\/\/www.biblia.work\/noticias\/wp-json\/wp\/v2\/media?parent=9339"}],"wp:term":[{"taxonomy":"category","embeddable":true,"href":"https:\/\/www.biblia.work\/noticias\/wp-json\/wp\/v2\/categories?post=9339"},{"taxonomy":"post_tag","embeddable":true,"href":"https:\/\/www.biblia.work\/noticias\/wp-json\/wp\/v2\/tags?post=9339"}],"curies":[{"name":"wp","href":"https:\/\/api.w.org\/{rel}","templated":true}]}}