{"id":9342,"date":"2016-11-26T09:15:02","date_gmt":"2016-11-26T14:15:02","guid":{"rendered":"http:\/\/www.biblia.work\/noticias\/telegrama-del-papa-por-la-muerte-del-ex-presidente-fidel-castro\/"},"modified":"2016-11-26T09:15:02","modified_gmt":"2016-11-26T14:15:02","slug":"telegrama-del-papa-por-la-muerte-del-ex-presidente-fidel-castro","status":"publish","type":"post","link":"https:\/\/www.biblia.work\/noticias\/telegrama-del-papa-por-la-muerte-del-ex-presidente-fidel-castro\/","title":{"rendered":"Telegrama del Papa por la muerte del ex presidente Fidel Castro"},"content":{"rendered":"<p style=\"text-align: justify\">(ZENIT \u2013 Ciudad del Vaticano).- El santo padre Francisco envi\u00f3 hoy un telegrama al actual presidente de Cuba, Ra\u00fal Castro, por la muerte de su hermano, el ex presidente del Consejo de Estado y del Gobierno de la Rep\u00fablica de Cuba, Fidel Castro, fallecido anoche a los 90 a\u00f1os de edad.<\/p>\n<p style=\"text-align: justify\">Lo inform\u00f3 hoy la Oficina de prensa de la Santa Sede, la cual divulg\u00f3 el telegrama que transcribimos a continuaci\u00f3n.<\/p>\n<p style=\"text-align: justify\">\u00abExcelent\u00edsimo se\u00f1or Ra\u00fal Modesto Castro Ruz<br \/>\npresidente de los Consejos de Estado y de Ministros de la Rep\u00fablica de Cuba<br \/>\nLa Habana<\/p>\n<p style=\"text-align: justify\">Al recibir la triste noticia del fallecimiento de su querido hermano, el excelent\u00edsimo se\u00f1or Fidel Alejandro Castro Ruz, expresidente del Consejo de Estado y del Gobierno de la Rep\u00fablica de Cuba, expreso mis sentimientos de pesar a vuestra excelencia y a los dem\u00e1s familiares del difunto dignatario, as\u00ed como al gobierno y al pueblo de esa amada naci\u00f3n.<br \/>\nAl mismo tiempo, ofrezco plegarias al Se\u00f1or por su descanso y conf\u00edo a todo el pueblo cubano a la materna intercesi\u00f3n de Nuestra Se\u00f1ora de la Caridad del Cobre, patrona de ese pa\u00eds.<br \/>\nFrancisco pp.\u00bb.<\/p>\n<p><span class=\"et_bloom_bottom_trigger\"><\/span><\/p>\n<p><a href=\"https:\/\/es.zenit.org\/\" target=\"_blank\" rel=\"nofollow\">Fuente: es.zenit.org<\/a><\/p>\n","protected":false},"excerpt":{"rendered":"<p>(ZENIT \u2013 Ciudad del Vaticano).- El santo padre Francisco envi\u00f3 hoy un telegrama al actual presidente de Cuba, Ra\u00fal Castro, por la muerte de su hermano, el ex presidente del Consejo de Estado y del Gobierno de la Rep\u00fablica de Cuba, Fidel Castro, fallecido anoche a los 90 a\u00f1os de edad. Lo inform\u00f3 hoy la &hellip; <a href=\"https:\/\/www.biblia.work\/noticias\/telegrama-del-papa-por-la-muerte-del-ex-presidente-fidel-castro\/\" class=\"more-link\">Continuar leyendo<span class=\"screen-reader-text\"> \u00abTelegrama del Papa por la muerte del ex presidente Fidel Castro\u00bb<\/span><\/a><\/p>\n","protected":false},"author":1,"featured_media":0,"comment_status":"open","ping_status":"closed","sticky":false,"template":"","format":"standard","meta":{"footnotes":""},"categories":[1],"tags":[],"class_list":["post-9342","post","type-post","status-publish","format-standard","hentry","category-general"],"_links":{"self":[{"href":"https:\/\/www.biblia.work\/noticias\/wp-json\/wp\/v2\/posts\/9342","targetHints":{"allow":["GET"]}}],"collection":[{"href":"https:\/\/www.biblia.work\/noticias\/wp-json\/wp\/v2\/posts"}],"about":[{"href":"https:\/\/www.biblia.work\/noticias\/wp-json\/wp\/v2\/types\/post"}],"author":[{"embeddable":true,"href":"https:\/\/www.biblia.work\/noticias\/wp-json\/wp\/v2\/users\/1"}],"replies":[{"embeddable":true,"href":"https:\/\/www.biblia.work\/noticias\/wp-json\/wp\/v2\/comments?post=9342"}],"version-history":[{"count":0,"href":"https:\/\/www.biblia.work\/noticias\/wp-json\/wp\/v2\/posts\/9342\/revisions"}],"wp:attachment":[{"href":"https:\/\/www.biblia.work\/noticias\/wp-json\/wp\/v2\/media?parent=9342"}],"wp:term":[{"taxonomy":"category","embeddable":true,"href":"https:\/\/www.biblia.work\/noticias\/wp-json\/wp\/v2\/categories?post=9342"},{"taxonomy":"post_tag","embeddable":true,"href":"https:\/\/www.biblia.work\/noticias\/wp-json\/wp\/v2\/tags?post=9342"}],"curies":[{"name":"wp","href":"https:\/\/api.w.org\/{rel}","templated":true}]}}