{"id":9347,"date":"2016-11-26T10:15:02","date_gmt":"2016-11-26T15:15:02","guid":{"rendered":"http:\/\/www.biblia.work\/noticias\/francisco-senala-que-el-voluntariado-es-un-tesoro-para-la-sociedad\/"},"modified":"2016-11-26T10:15:02","modified_gmt":"2016-11-26T15:15:02","slug":"francisco-senala-que-el-voluntariado-es-un-tesoro-para-la-sociedad","status":"publish","type":"post","link":"https:\/\/www.biblia.work\/noticias\/francisco-senala-que-el-voluntariado-es-un-tesoro-para-la-sociedad\/","title":{"rendered":"Francisco se\u00f1ala que el voluntariado es \u2018un tesoro para la sociedad\u2019"},"content":{"rendered":"<p style=\"text-align: justify\">(ZENIT &#8211; Ciudad del Vaticano).-\u00a0El santo padre Francisco recibi\u00f3 este s\u00e1bado por la ma\u00f1ana en el Aula Pablo VI, a siete mil voluntarios del Servicio Civil Italiano, con ocasi\u00f3n del d\u00e9cimo quinto aniversario de la promulgaci\u00f3n de la ley que lo institu\u00eda.<\/p>\n<p style=\"text-align: justify\">El Servicio civil inicialmente fue previsto como alternativa para quienes deb\u00edan cumplir con el servicio militar obligatorio y se declaraban objetores de conciencia por motivos personales, humanitarios o religiosos. En el 2001 se instituye el Servicio Civil Nacional, ya no como alternativo al servicio militar. Y en el 2005 con la abolici\u00f3n del servicio militar obligatorio pasa a ser una iniciativa aut\u00f3noma de voluntariado.<\/p>\n<p style=\"text-align: justify\">Francisco se dirigi\u00f3 a los j\u00f3venes e hizo hincapi\u00e9 en que la gratuidad del voluntariado, aunque sea por un tiempo determinado, es como un tesoro no s\u00f3lo para la sociedad y para aquellos que se benefician del trabajo de los voluntarios, sino tambi\u00e9n para ellos y su madurez humana.<\/p>\n<p style=\"text-align: justify\">Se\u00f1al\u00f3 que \u201cel camino del servicio va a contracorriente de los modelos dominantes, pero en realidad cada uno de nosotros se siente feliz y realizado s\u00f3lo cuando es \u00fatil para alguien\u201d.<\/p>\n<p style=\"text-align: justify\">\u201cUstedes son una fuerza valiosa y una fuerza din\u00e1mica del pa\u00eds &#8211;afirm\u00f3 el Papa&#8211; y vuestra contribuci\u00f3n es indispensable para lograr el bien de la sociedad, teniendo en cuenta especialmente a los m\u00e1s d\u00e9biles. El proyecto de una sociedad solidaria es el objetivo de toda comunidad civil que quiera ser igualitaria y fraternal\u201d.<\/p>\n<p style=\"text-align: justify\">Precis\u00f3 entretanto que \u201cese objetivo se traiciona cada vez que asistimos pasivamente al aumento de la desigualdad entre los diferentes interlocutores sociales o entre las naciones del mundo, cuando se reduce la asistencia a los m\u00e1s vulnerables sin que se garanticen otras formas de protecci\u00f3n; cuando se aceptan peligrosas l\u00f3gicas de rearme y se invierten recursos valiosos en la compra de armamento, &#8211;una verdadera lacra\u00a0actual&#8211; o cuando los pobres se convierten en una amenaza y en lugar de tenderles la mano se los relega a su pobreza\u201d.<\/p>\n<p style=\"text-align: justify\">\u201cTodas estas actitudes son &#8211;a\u00f1adi\u00f3 el Pont\u00edfice&#8211; una afrenta a nuestra sociedad y a su cultura e introducen en ella criterios y pr\u00e1cticas marcados por la indiferencia y la opresi\u00f3n, que empobrecen la vida, no s\u00f3lo de los olvidados o discriminados, sino tambi\u00e9n del que olvida o discrimina, que acaba por encerrarse en s\u00ed mismo y evita el encuentro con la carne de los hermanos, que es el camino obligatorio para encontrar el bien. Est\u00e1n llamados, mediante este\u00a0servicio, a desempe\u00f1ar una funci\u00f3n cr\u00edtica ante estas perspectivas contrarias a lo que es humano, y una funci\u00f3n prof\u00e9tica que demuestre c\u00f3mo es posible pensar y actuar de manera diferente\u201d.<\/p>\n<p style=\"text-align: justify\">Entre las diversas \u00e1reas de intervenci\u00f3n de los proyectos del Servicio Civil, el Papa cit\u00f3 especialmente la protecci\u00f3n del medio ambiente. Otro \u00e1mbito de acci\u00f3n que les debe interesar particularmente es el de la ayuda a los refugiados y emigrantes, que piden ser rescatados e integrados en el tejido social.\u00a0Elogi\u00f3 as\u00ed el esfuerzo de Italia en esta tarea y expres\u00f3 su aprecio por todo ello.<\/p>\n<p style=\"text-align: justify\">El Pont\u00edfice record\u00f3 que tambi\u00e9n merec\u00edan una consideraci\u00f3n especial todos los otros proyectos educativos y asistenciales del Servicio Civil Italiano que de diversas maneras acompa\u00f1an a los ni\u00f1os, a los j\u00f3venes, a las personas discapacitadas, marginadas y necesitadas de ayuda, as\u00ed como a los afectados por el terremoto.<\/p>\n<p style=\"text-align: justify\">\u201cEl grado de civilizaci\u00f3n de un pueblo, de hecho, se mide por la capacidad de respetar y promover los derechos de cada persona, empezando por los m\u00e1s d\u00e9biles\u201d, se\u00f1al\u00f3.<\/p>\n<p style=\"text-align: justify\">Y les imparti\u00f3 \u201cla bendici\u00f3n del Se\u00f1or para que les ayude a actuar siempre con valent\u00eda y desinter\u00e9s, con la vista puesta en los horizontes de esperanza\u201d.<\/p>\n<p><span class=\"et_bloom_bottom_trigger\"><\/span><\/p>\n<p><a href=\"https:\/\/es.zenit.org\/\" target=\"_blank\" rel=\"nofollow\">Fuente: es.zenit.org<\/a><\/p>\n","protected":false},"excerpt":{"rendered":"<p>(ZENIT &#8211; Ciudad del Vaticano).-\u00a0El santo padre Francisco recibi\u00f3 este s\u00e1bado por la ma\u00f1ana en el Aula Pablo VI, a siete mil voluntarios del Servicio Civil Italiano, con ocasi\u00f3n del d\u00e9cimo quinto aniversario de la promulgaci\u00f3n de la ley que lo institu\u00eda. El Servicio civil inicialmente fue previsto como alternativa para quienes deb\u00edan cumplir con &hellip; <a href=\"https:\/\/www.biblia.work\/noticias\/francisco-senala-que-el-voluntariado-es-un-tesoro-para-la-sociedad\/\" class=\"more-link\">Continuar leyendo<span class=\"screen-reader-text\"> \u00abFrancisco se\u00f1ala que el voluntariado es \u2018un tesoro para la sociedad\u2019\u00bb<\/span><\/a><\/p>\n","protected":false},"author":1,"featured_media":0,"comment_status":"open","ping_status":"closed","sticky":false,"template":"","format":"standard","meta":{"footnotes":""},"categories":[1],"tags":[],"class_list":["post-9347","post","type-post","status-publish","format-standard","hentry","category-general"],"_links":{"self":[{"href":"https:\/\/www.biblia.work\/noticias\/wp-json\/wp\/v2\/posts\/9347","targetHints":{"allow":["GET"]}}],"collection":[{"href":"https:\/\/www.biblia.work\/noticias\/wp-json\/wp\/v2\/posts"}],"about":[{"href":"https:\/\/www.biblia.work\/noticias\/wp-json\/wp\/v2\/types\/post"}],"author":[{"embeddable":true,"href":"https:\/\/www.biblia.work\/noticias\/wp-json\/wp\/v2\/users\/1"}],"replies":[{"embeddable":true,"href":"https:\/\/www.biblia.work\/noticias\/wp-json\/wp\/v2\/comments?post=9347"}],"version-history":[{"count":0,"href":"https:\/\/www.biblia.work\/noticias\/wp-json\/wp\/v2\/posts\/9347\/revisions"}],"wp:attachment":[{"href":"https:\/\/www.biblia.work\/noticias\/wp-json\/wp\/v2\/media?parent=9347"}],"wp:term":[{"taxonomy":"category","embeddable":true,"href":"https:\/\/www.biblia.work\/noticias\/wp-json\/wp\/v2\/categories?post=9347"},{"taxonomy":"post_tag","embeddable":true,"href":"https:\/\/www.biblia.work\/noticias\/wp-json\/wp\/v2\/tags?post=9347"}],"curies":[{"name":"wp","href":"https:\/\/api.w.org\/{rel}","templated":true}]}}