{"id":9353,"date":"2016-11-26T15:15:02","date_gmt":"2016-11-26T20:15:02","guid":{"rendered":"http:\/\/www.biblia.work\/noticias\/repensar-la-economia-de-los-institutos-religiosos-segun-el-carisma-al-que-estan-llamados\/"},"modified":"2016-11-26T15:15:02","modified_gmt":"2016-11-26T20:15:02","slug":"repensar-la-economia-de-los-institutos-religiosos-segun-el-carisma-al-que-estan-llamados","status":"publish","type":"post","link":"https:\/\/www.biblia.work\/noticias\/repensar-la-economia-de-los-institutos-religiosos-segun-el-carisma-al-que-estan-llamados\/","title":{"rendered":"Repensar la econom\u00eda de los institutos religiosos seg\u00fan el carisma al que est\u00e1n llamados"},"content":{"rendered":"<p style=\"text-align: justify\">(ZENIT &#8211; Roma).- Unos mil\u00a0ec\u00f3nomos\u00a0 y ec\u00f3nomas generales se han reunido en Roma\u00a0del 25 al 27 de noviembre, en el\u00a0segundo Simposio Internacional sobre la econom\u00eda de los institutos religiosos\u00a0con el t\u00edtulo\u00a0\u201cCon fidelidad al carisma, repensar la econom\u00eda\u201d.<\/p>\n<p style=\"text-align: justify\">El congreso organizado por\u00a0 la Congregaci\u00f3n para los Institutos de Vida Consagrada y las Sociedades de Vida Apost\u00f3lica se realiz\u00f3 en\u00a0el auditorio de la Universidad Pontificia Antonianum, y concluy\u00f3 con la idea de que repensar la econom\u00eda se puede.<\/p>\n<p style=\"text-align: justify\">Es necesario comprender qu\u00e9 pide el Se\u00f1or hoy a los Institutos y con determinaci\u00f3n, ponerlo en pr\u00e1ctica. Lo ha dicho el Papa Francisco, en el mensaje enviado en ocasi\u00f3n de este Simposio. Las obras propias, de las que se ocupa el Simposio, no son s\u00f3lo un medio para asegurar la sostenibilidad del propio Instituto, pero pertenecen a la fecundidad del carisma.<\/p>\n<p style=\"text-align: justify\">A\u00f1adi\u00f3 que el criterio principal de valoraci\u00f3n de las obras no es su rentabilidad, sino que correspondan con el carisma y la misi\u00f3n que el Instituto est\u00e1 llamado a dar.<\/p>\n<p style=\"text-align: justify\"><span lang=\"es-ES\"> Al comienzo del Simposio <\/span><span lang=\"es-ES\">el Cardenal Jo\u00e3o Braz de Aviz, prefecto de la Congregaci\u00f3n para los Institutos de Vida Consagrada y las Sociedades de Vida Apost\u00f3lica, (CIVCSVA)\u00a0<\/span><span style=\"font-size: 16px\">saludando a los participantes que vienen de todas partes del mundo, expres\u00f3 la esperanza de que estos d\u00edas de reflexi\u00f3n puedan conducir a una conversi\u00f3n del coraz\u00f3n que lleve a los consagrados y consagradas a ser profesionales y para poner en pr\u00e1ctica los valores del Evangelio tambi\u00e9n en el campo de la econom\u00eda. &#8220;A nosotros los consagrados y consagradas el Papa Francisco\u00a0nos\u00a0pide dos realidades en relaci\u00f3n con la econom\u00eda: la competencia profesional y los valores evang\u00e9licos&#8221;, dijo.<\/span><\/p>\n<p style=\"text-align: justify\"><span lang=\"es-ES\"> !El dinero debe servir y no gobernar! reiter\u00f3 Mons. Jos\u00e9 Rodr\u00edguez Carballo, OFM, arzobispo secretario de la CIVCSVA: Los bienes de la Iglesia debe servir para mejorar y hacer un mejor uso de los recursos que la Providencia ha puesto a disposici\u00f3n, y para desarrollar m\u00e1s eficazmente su misi\u00f3n de servir a Cristo ya los pobres. &#8220;En esta coherencia, dijo Mons. Carballo, se juega la credibilidad del Evangelio que hemos prometido&#8221;, y reiter\u00f3 la importancia de no separar la gesti\u00f3n econ\u00f3mica de la l\u00f3gica de la donaci\u00f3n. El desarrollo econ\u00f3mico debe ser aut\u00e9nticamente humano y darle espacio al principio de gratuidad como expresi\u00f3n de fraternidad.<\/span><\/p>\n<p style=\"text-align: justify\"><span style=\"color: #3366ff\"><a style=\"color: #3366ff\" href=\"https:\/\/es.zenit.org\/articles\/texto-completo-del-mensaje-del-papa-francisco-al-ii-simposio-internacional-sobre-economia\/\">Leer la carta de Francisco a los participantes del II simposio<\/a><\/span><\/p>\n<p><span class=\"et_bloom_bottom_trigger\"><\/span><\/p>\n<p><a href=\"https:\/\/es.zenit.org\/\" target=\"_blank\" rel=\"nofollow\">Fuente: es.zenit.org<\/a><\/p>\n","protected":false},"excerpt":{"rendered":"<p>(ZENIT &#8211; Roma).- Unos mil\u00a0ec\u00f3nomos\u00a0 y ec\u00f3nomas generales se han reunido en Roma\u00a0del 25 al 27 de noviembre, en el\u00a0segundo Simposio Internacional sobre la econom\u00eda de los institutos religiosos\u00a0con el t\u00edtulo\u00a0\u201cCon fidelidad al carisma, repensar la econom\u00eda\u201d. El congreso organizado por\u00a0 la Congregaci\u00f3n para los Institutos de Vida Consagrada y las Sociedades de Vida Apost\u00f3lica &hellip; <a href=\"https:\/\/www.biblia.work\/noticias\/repensar-la-economia-de-los-institutos-religiosos-segun-el-carisma-al-que-estan-llamados\/\" class=\"more-link\">Continuar leyendo<span class=\"screen-reader-text\"> \u00abRepensar la econom\u00eda de los institutos religiosos seg\u00fan el carisma al que est\u00e1n llamados\u00bb<\/span><\/a><\/p>\n","protected":false},"author":1,"featured_media":0,"comment_status":"open","ping_status":"closed","sticky":false,"template":"","format":"standard","meta":{"footnotes":""},"categories":[1],"tags":[],"class_list":["post-9353","post","type-post","status-publish","format-standard","hentry","category-general"],"_links":{"self":[{"href":"https:\/\/www.biblia.work\/noticias\/wp-json\/wp\/v2\/posts\/9353","targetHints":{"allow":["GET"]}}],"collection":[{"href":"https:\/\/www.biblia.work\/noticias\/wp-json\/wp\/v2\/posts"}],"about":[{"href":"https:\/\/www.biblia.work\/noticias\/wp-json\/wp\/v2\/types\/post"}],"author":[{"embeddable":true,"href":"https:\/\/www.biblia.work\/noticias\/wp-json\/wp\/v2\/users\/1"}],"replies":[{"embeddable":true,"href":"https:\/\/www.biblia.work\/noticias\/wp-json\/wp\/v2\/comments?post=9353"}],"version-history":[{"count":0,"href":"https:\/\/www.biblia.work\/noticias\/wp-json\/wp\/v2\/posts\/9353\/revisions"}],"wp:attachment":[{"href":"https:\/\/www.biblia.work\/noticias\/wp-json\/wp\/v2\/media?parent=9353"}],"wp:term":[{"taxonomy":"category","embeddable":true,"href":"https:\/\/www.biblia.work\/noticias\/wp-json\/wp\/v2\/categories?post=9353"},{"taxonomy":"post_tag","embeddable":true,"href":"https:\/\/www.biblia.work\/noticias\/wp-json\/wp\/v2\/tags?post=9353"}],"curies":[{"name":"wp","href":"https:\/\/api.w.org\/{rel}","templated":true}]}}