{"id":9355,"date":"2016-11-26T15:15:03","date_gmt":"2016-11-26T20:15:03","guid":{"rendered":"http:\/\/www.biblia.work\/noticias\/la-pelicula-poveda-concurre-a-los-premios-goya-2017\/"},"modified":"2016-11-26T15:15:03","modified_gmt":"2016-11-26T20:15:03","slug":"la-pelicula-poveda-concurre-a-los-premios-goya-2017","status":"publish","type":"post","link":"https:\/\/www.biblia.work\/noticias\/la-pelicula-poveda-concurre-a-los-premios-goya-2017\/","title":{"rendered":"La pel\u00edcula Poveda concurre a los Premios Goya 2017"},"content":{"rendered":"<p style=\"text-align: justify\">(ZENIT &#8211; Madrid)\u00a0La pel\u00edcula espa\u00f1ola basada en la vida de san Pedro Poveda, fundador de la Instituci\u00f3n Teresiana, y personaje de relieve en los ambientes educativos del primer tercio del siglo XX en Espa\u00f1a, sigue su itinerario exitoso con numerosos premios recibidos aqu\u00ed y en otros pa\u00edses. A ello se a\u00f1aden ahora sus treinta candidaturas a los Premios Goya 2017, los mayores galardones en este \u00e1mbito, que concede la Academia del Cine de Espa\u00f1a.<\/p>\n<p style=\"text-align: justify\">La pel\u00edcula narra la historia de san Pedro Poveda (Linares, 1874-Madrid, 1936), un sacerdote tenaz e innovador que abri\u00f3 caminos en el campo educativo y en defensa de los derechos de las mujeres en la Espa\u00f1a de principios del siglo XX.<\/p>\n<p style=\"text-align: justify\">Poveda (en el filme Ra\u00fal Escudero) fue reconocido por la UNESCO como \u201cPedagogo y Humanista\u201d y canonizado por el papa San Juan Pablo II. Tras ejercer su labor sacerdotal en las marginales barriadas de las Cuevas de Guadix (Granada) y poner en marcha diversas iniciativas sociales y educativas, Poveda marcha a Covadonga (Asturias).<\/p>\n<p style=\"text-align: justify\">Desde all\u00ed inicia un novedoso movimiento impulsado por mujeres j\u00f3venes, origen de la Instituci\u00f3n Teresiana. Para su desarrollo se apoya en la joven Pepita (Josefa) Segovia (encarnada en la pel\u00edcula por Elena Furiase), primera mujer licenciada en educaci\u00f3n de Ja\u00e9n. Poveda vivir\u00e1 la Espa\u00f1a convulsa de los a\u00f1os treinta donde los conflictos sociales, educativos y religiosos se agudizan hasta desembocar en una guerra civil. En ese contexto Poveda, hombre de paz, de di\u00e1logo y v\u00edctima de la violencia y la intolerancia, dejar\u00e1 una huella de luz y esperanza.<\/p>\n<p style=\"text-align: justify\">La pel\u00edcula de Goya Producciones, presenta en total treinta candidaturas a los Premios Goya 2017: mejor pel\u00edcula; mejor direcci\u00f3n, Pablo Moreno; mejor gui\u00f3n original: Pablo Moreno y Pedro Eugenio Delgado; mejor m\u00fasica original: \u00d3scar Mart\u00edn Leanizbarrutia; mejor actor protagonista: Ra\u00fal Escudero; mejor actriz protagonista: Elena Furiase; mejor actor de reparto: Carlos Ca\u00f1as, Carlos Pinedo, Fran Calvo, Javier Bermejo, Juan Alberto L\u00f3pez, Roberto Chapu, Vicente Gil, Xiqui Rodr\u00edguez; mejor actriz de reparto: Ainhoa Aldanondo, Andrea Guardiola, Eva Higueras Gonz\u00e1lez, Gladys Balaguer, Manuela Vicente, Maribel Carro, Marta Ruiz De Vi\u00f1aspre, Sara Velasco; mejor actor revelaci\u00f3n: Miguel Berlanga; mejor actriz revelaci\u00f3n: Silvia Garc\u00eda Iglesias; mejor direcci\u00f3n de fotograf\u00eda: Rub\u00e9n D. Ortega; mejor montaje: Mar\u00eda Esparcia; mejor direcci\u00f3n art\u00edstica: Ar\u00e1nzazu Gaspar; mejor dise\u00f1o de vestuario: Patrocinio Azpeleta; mejor maquillaje y peluquer\u00eda: Margarita Prieto Barrios, Nahia Mart\u00edn Leanizbarrutia; mejor sonido: Roberto Alonso Doniz, Iv\u00e1n Mayoral.<\/p>\n<p style=\"text-align: justify\"><strong>Premios Mirabile Dictu<\/strong><\/p>\n<p style=\"text-align: justify\">El jurado del Festival Internacional de Cine Cat\u00f3lico Mirabile Dictu premi\u00f3 como mejor pel\u00edcula a la cinta espa\u00f1ola, entre las m\u00e1s de 1.200 participantes en su s\u00e9ptima edici\u00f3n. A la gala de entrega de premios, celebrada en el Palazzo della Cancelleria en Roma, asistieron diversas personalidades del mundo del cine, de la sociedad, as\u00ed como eclesi\u00e1sticos de la curia vaticana como el cardenal Gianfranco Ravasi, presidente del Pontificio Consejo de la Cultura, que patrocina el festival, el cardenal Velasio de Paolis, y el cardenal espa\u00f1ol Santos Abril.<\/p>\n<p style=\"text-align: justify\">El premio fue recogido por el productor y consejero delegado de Goya Producciones Andr\u00e9s Garrig\u00f3, quien agradeci\u00f3 a los organizadores su labor a favor de la promoci\u00f3n de los valores cristianos en el cine, especialmente los grandes ideales de la Belleza, el Bien y la Verdad, as\u00ed como la Fe. A la gala tambi\u00e9n asistieron Pablo Moreno, director del film, Josemar\u00eda Mu\u00f1oz, productor ejecutivo, Mar\u00eda Esparcia, editora, as\u00ed como Laura Moreno, directora del Departamento de Comunicaci\u00f3n de la Instituci\u00f3n Teresiana, y Lola Mart\u00edn, consejera general esta asociaci\u00f3n.<\/p>\n<p style=\"text-align: justify\">La presidenta del festival, Liana Marabini, felicit\u00f3 a los galardonados por su filme y destac\u00f3 la actualidad de la figura de san Pedro Poveda, quien dio su vida a causa de su defensa de la libertad de los cat\u00f3licos para vivir su fe en todos los \u00e1mbitos de la sociedad, especialmente en la vida p\u00fablica.<\/p>\n<p style=\"text-align: justify\">Poveda, que se estren\u00f3 en los cines de Madrid y otras ciudades espa\u00f1olas, a partir del 4 de marzo pasado, fue el segundo mejor estreno espa\u00f1ol en su primer fin de semana y super\u00f3 todas las previsiones en semanas de proyecci\u00f3n.<\/p>\n<p style=\"text-align: justify\">El Ministerio de Cultura de Espa\u00f1a concedi\u00f3 a Poveda el calificativo de pel\u00edcula para el fomento y la Igualdad de G\u00e9nero, debido a la labor pionera de Pedro Poveda a favor de la promoci\u00f3n y derechos de la mujer a principios del siglo XX. Tambi\u00e9n se distingui\u00f3 por ayudar y educar a los m\u00e1s desfavorecidos, algo que la pel\u00edcula muestra en emotivas escenas rodadas en las cuevas de Guadix. Sus \u00faltimos a\u00f1os en Madrid fueron los de la defensa de la libertad de ense\u00f1anza de los cat\u00f3licos frente al predominio del laicismo intransigente.<\/p>\n<p style=\"text-align: justify\">Apoyada por el boca a boca entre los espectadores, Poveda ha tenido un gran impacto en prensa y en redes sociales, llegando a ser trending topic a nivel nacional.<\/p>\n<p style=\"text-align: justify\">Posteriormente, Poveda se estren\u00f3 en en salas de cine de Am\u00e9rica Latina, empezando por Chile, para seguir despu\u00e9s a Ecuador, Per\u00fa, Guatemala y otros pa\u00edses.<\/p>\n<p style=\"text-align: justify\"><strong>Premiada en Argentina y Polonia<\/strong><\/p>\n<p style=\"text-align: justify\">El festival bonaerense Arte Non Stop, celebrado el pasado septiembre, premi\u00f3 la pel\u00edcula Poveda como mejor pel\u00edcula. Adem\u00e1s Ra\u00fal Escudero recibi\u00f3 el premio a mejor actor internacional por su interpretaci\u00f3n de Pedro Poveda. Pablo Moreno se llev\u00f3 el galard\u00f3n de mejor director, Ar\u00e1nzazu Gaspar el premio a mejor direcci\u00f3n de arte y Patrocinio Azpeleta al mejor estuario. Todo ello dentro de la categor\u00eda de Largometraje Internacional.<\/p>\n<p style=\"text-align: justify\">El Festival Internacional Cat\u00f3lico de Cine y multimedia Niepokalanow 2016 premi\u00f3 a Poveda como mejor pel\u00edcula extranjera. El festival polaco recibi\u00f3 para su selecci\u00f3n m\u00e1s de 137 pel\u00edculas y programas de televisi\u00f3n, 19 programas de radio, y 6 programas multimedia de dieciocho pa\u00edses: Indonesia, Eslovaquia, India, EEUU, Croacia, Chad, Rep\u00fablica Checa, Filipinas, Francia, Espa\u00f1a, Kazajist\u00e1n, Rusia, Alemania, Ucrania, Gran Breta\u00f1a, Italia, Zimbabue y Polonia.<\/p>\n<p style=\"text-align: justify\">La ceremonia se clausur\u00f3 en la galer\u00eda San Juan Pablo II del Museo Porczynski de Varsovia ante autoridades civiles y eclesi\u00e1sticas. La pel\u00edcula de Goya Producciones, sigue acumulando premios alrededor del mundo, mientras su proyecci\u00f3n internacional a\u00fan es una realidad y en Espa\u00f1a se ha estrenado en DVD y Blu-ray con gran \u00e9xito en las tiendas y librer\u00edas de todo el pa\u00eds.<\/p>\n<p style=\"text-align: justify\">Tras el \u00e9xito en Chile, la pel\u00edcula Poveda se estren\u00f3 en Ecuador el 30 de septiembre pasado, y en Guayaquil y Quito (Ecuador). Tambi\u00e9n\u00a0confirm\u00f3 el estreno en\u00a0cines de Filipinas en el mes de diciembre gracias a la colaboraci\u00f3n\u00a0de la Instituci\u00f3n Teresiana, muy presente en aquel pa\u00eds.<\/p>\n<p style=\"text-align: justify\">Adem\u00e1s, Poveda fue tambi\u00e9n premiadade todo el mundo como por ejemplo el Festival de Cine de\u00a0Montevideo (Uruguay) en\u00a0octubre, o el Festival de Cine Cat\u00f3lico de Santo Domingo (Rep\u00fablica Dominicana).<\/p>\n<p style=\"text-align: justify\">El \u00faltimo premio recibido lleg\u00f3 desde Indonesia, del International Film Festival\u00a0for Peace, Inspiration,\u00a0and Equality, celebrado en Yakarta. All\u00ed la\u00a0pel\u00edcula gan\u00f3 el International\u00a0Award\u00a0of Outstanding Excellence que se une al premio de mejor pel\u00edcula del Online\u00a0International Film Festival SE\u00a0(OIFF).<\/p>\n<p style=\"text-align: justify\">Por otra parte, Poveda qued\u00f3\u00a0semifinalista en el\u00a0American Film Award\u00a0y fue seleccionada para su proyecci\u00f3n en el BAF 2016, en el Festival\u00a0Internacional de Cine Cat\u00f3lico de Brasil y en el Festival de Cine Cat\u00f3lico de\u00a0Santo Domingo.<\/p>\n<p style=\"text-align: justify\">Tambi\u00e9n, ante la avalancha de peticiones, Poveda sigue su exitoso itinerario por Bolivia, Estados Unidos y otros pa\u00edses.<\/p>\n<p style=\"text-align: justify\"><span style=\"color: #3366ff\"><a style=\"color: #3366ff\" href=\"https:\/\/es.zenit.org\/articles\/cardenal-abril-y-castello-san-pedro-poveda-es-un-referente-de-misericordia\/\">Para saber m\u00e1s clicar aqu\u00ed<\/a><\/span><\/p>\n<p style=\"text-align: justify\">Leer tambi\u00e9n:<span style=\"color: #3366ff\"><a style=\"color: #3366ff\" href=\"https:\/\/es.zenit.org\/articles\/la-estela-de-san-pedro-poveda-de-norte-a-sur\/\"> La estela de san Pedro Poveda de norte a sur<\/a><\/span><\/p>\n<p><span class=\"et_bloom_bottom_trigger\"><\/span><\/p>\n<p><a href=\"https:\/\/es.zenit.org\/\" target=\"_blank\" rel=\"nofollow\">Fuente: es.zenit.org<\/a><\/p>\n","protected":false},"excerpt":{"rendered":"<p>(ZENIT &#8211; Madrid)\u00a0La pel\u00edcula espa\u00f1ola basada en la vida de san Pedro Poveda, fundador de la Instituci\u00f3n Teresiana, y personaje de relieve en los ambientes educativos del primer tercio del siglo XX en Espa\u00f1a, sigue su itinerario exitoso con numerosos premios recibidos aqu\u00ed y en otros pa\u00edses. A ello se a\u00f1aden ahora sus treinta candidaturas &hellip; <a href=\"https:\/\/www.biblia.work\/noticias\/la-pelicula-poveda-concurre-a-los-premios-goya-2017\/\" class=\"more-link\">Continuar leyendo<span class=\"screen-reader-text\"> \u00abLa pel\u00edcula Poveda concurre a los Premios Goya 2017\u00bb<\/span><\/a><\/p>\n","protected":false},"author":1,"featured_media":0,"comment_status":"open","ping_status":"closed","sticky":false,"template":"","format":"standard","meta":{"footnotes":""},"categories":[1],"tags":[],"class_list":["post-9355","post","type-post","status-publish","format-standard","hentry","category-general"],"_links":{"self":[{"href":"https:\/\/www.biblia.work\/noticias\/wp-json\/wp\/v2\/posts\/9355","targetHints":{"allow":["GET"]}}],"collection":[{"href":"https:\/\/www.biblia.work\/noticias\/wp-json\/wp\/v2\/posts"}],"about":[{"href":"https:\/\/www.biblia.work\/noticias\/wp-json\/wp\/v2\/types\/post"}],"author":[{"embeddable":true,"href":"https:\/\/www.biblia.work\/noticias\/wp-json\/wp\/v2\/users\/1"}],"replies":[{"embeddable":true,"href":"https:\/\/www.biblia.work\/noticias\/wp-json\/wp\/v2\/comments?post=9355"}],"version-history":[{"count":0,"href":"https:\/\/www.biblia.work\/noticias\/wp-json\/wp\/v2\/posts\/9355\/revisions"}],"wp:attachment":[{"href":"https:\/\/www.biblia.work\/noticias\/wp-json\/wp\/v2\/media?parent=9355"}],"wp:term":[{"taxonomy":"category","embeddable":true,"href":"https:\/\/www.biblia.work\/noticias\/wp-json\/wp\/v2\/categories?post=9355"},{"taxonomy":"post_tag","embeddable":true,"href":"https:\/\/www.biblia.work\/noticias\/wp-json\/wp\/v2\/tags?post=9355"}],"curies":[{"name":"wp","href":"https:\/\/api.w.org\/{rel}","templated":true}]}}