{"id":9358,"date":"2016-11-27T01:05:02","date_gmt":"2016-11-27T06:05:02","guid":{"rendered":"http:\/\/www.biblia.work\/noticias\/con-el-primer-domingo-de-adviento-inicia-el-nuevo-ano-liturgico\/"},"modified":"2016-11-27T01:05:02","modified_gmt":"2016-11-27T06:05:02","slug":"con-el-primer-domingo-de-adviento-inicia-el-nuevo-ano-liturgico","status":"publish","type":"post","link":"https:\/\/www.biblia.work\/noticias\/con-el-primer-domingo-de-adviento-inicia-el-nuevo-ano-liturgico\/","title":{"rendered":"Con el Primer Domingo de Adviento inicia el Nuevo A\u00f1o Lit\u00fargico"},"content":{"rendered":"<p> REDACCI\u00d3N CENTRAL, 27 Nov. 16 (ACI).-<br \/>\n\tEl primer domingo de Adviento es el primer d&iacute;a del Nuevo A&ntilde;o Lit&uacute;rgico para la Iglesia Cat&oacute;lica y en esta ocasi&oacute;n, en el Evangelio (Mateo 24,37-44), Jes&uacute;s anima a los fieles a &ldquo;estar siempre despiertos, pidiendo fuerza para escapar de todo lo que est&aacute; por venir y mantenerse en pie ante el Hijo del hombre&rdquo;.<\/p>\n<p style=\"text-align: justify\">\n\tAsimismo, las lecturas b&iacute;blicas de esta primera semana y la predicaci&oacute;n son una invitaci&oacute;n a estar vigilantes para cuando venga el&nbsp;Se&ntilde;or. Por ello, es importante que en las familias se haga un prop&oacute;sito que les permita avanzar en el camino hacia la Navidad.<\/p>\n<p style=\"text-align: justify\">\n\tEn un momento propicio o &nbsp;tal vez despu&eacute;s del encendido de la primera vela de la corona de adviento, los miembros del hogar podr&iacute;an comenzar revisando las relaciones familiares y terminar pidiendo perd&oacute;n a quienes se ha ofendido, as&iacute; como d&aacute;ndolo a los dem&aacute;s.<\/p>\n<p style=\"text-align: justify\">\n\tEsto debe ser el principio de un renovado a&ntilde;o en el que se buscar&aacute; seguir creciendo en un ambiente de armon&iacute;a y amor familiar. Lo cual tambi&eacute;n deber&aacute; extenderse a los dem&aacute;s grupos con el que cotidianamente uno se relaciona, ya sea en la escuela, el trabajo, el vecindario, etc.<\/p>\n<p style=\"text-align: justify\">\n\tPara terminar, es importante recordar que el A&ntilde;o Lit&uacute;rgico es el conjunto de las celebraciones con las cuales la Iglesia conmemora anualmente el misterio de Cristo.<\/p>\n<p style=\"text-align: justify\">\n\tEl tiempo de Adviento, que es el primer per&iacute;odo del A&ntilde;o Lit&uacute;rgico, tiene una duraci&oacute;n de cuatro semanas, comienza este domingo 27 de noviembre y se prolonga hasta el 24 de diciembre. Las lecturas son las correspondientes al Ciclo A.<\/p>\n<p style=\"text-align: justify\">\n\tEnciende la primera llama de tu Corona con esta liturgia en casa:<\/p>\n<p style=\"text-align: justify\">\n\t\tUna liturgia familiar para el Primer Domingo de Adviento https:\/\/t.co\/8qkZrXZaBy<\/p>\n<p>\t&mdash; ACI Prensa (@aciprensa) noviembre 23, 2015<\/p>\n<p style=\"text-align: justify\">\n\tM&aacute;s informaci&oacute;n:<\/p>\n<p>\t\t&iquest;Qu&eacute; es el Adviento?<\/p>\n<p>\t\tLa Corona de Adviento<\/p>\n<p>\t\tBendici&oacute;n de la Corona de Adviento<\/p>\n<p>\t\tEsquema del Adviento 2016<\/p>\n<p>\t\tIdeas para vivir el Adviento<\/p>\n<p>\t\tRosario de Adviento<\/p>\n<p>\t\tAdviento en la Enciclopedia Cat&oacute;lica<\/p>\n<p>\t\tLiturgias Familiares de Adviento<\/p>\n<p>\t\tCalendario Lit&uacute;rgico de Adviento 2016<\/p>\n<p>\t\tLos Personajes del Adviento<\/p>\n<p>\t\tHistorias para compartir sobre el Adviento<\/p>\n<p>\t\tReflexiones y Catequesis de Adviento<\/p>\n<p>\t\tRecursos teol&oacute;gicos y lit&uacute;rgicos<\/p>\n<p>\t\tLecturas de los Padres de la Iglesia<\/p>\n<p>\t\tEspecial de Adviento<\/p>\n","protected":false},"excerpt":{"rendered":"<p>REDACCI\u00d3N CENTRAL, 27 Nov. 16 (ACI).- El primer domingo de Adviento es el primer d&iacute;a del Nuevo A&ntilde;o Lit&uacute;rgico para la Iglesia Cat&oacute;lica y en esta ocasi&oacute;n, en el Evangelio (Mateo 24,37-44), Jes&uacute;s anima a los fieles a &ldquo;estar siempre despiertos, pidiendo fuerza para escapar de todo lo que est&aacute; por venir y mantenerse en &hellip; <a href=\"https:\/\/www.biblia.work\/noticias\/con-el-primer-domingo-de-adviento-inicia-el-nuevo-ano-liturgico\/\" class=\"more-link\">Continuar leyendo<span class=\"screen-reader-text\"> \u00abCon el Primer Domingo de Adviento inicia el Nuevo A\u00f1o Lit\u00fargico\u00bb<\/span><\/a><\/p>\n","protected":false},"author":1,"featured_media":0,"comment_status":"open","ping_status":"closed","sticky":false,"template":"","format":"standard","meta":{"footnotes":""},"categories":[1],"tags":[],"class_list":["post-9358","post","type-post","status-publish","format-standard","hentry","category-general"],"_links":{"self":[{"href":"https:\/\/www.biblia.work\/noticias\/wp-json\/wp\/v2\/posts\/9358","targetHints":{"allow":["GET"]}}],"collection":[{"href":"https:\/\/www.biblia.work\/noticias\/wp-json\/wp\/v2\/posts"}],"about":[{"href":"https:\/\/www.biblia.work\/noticias\/wp-json\/wp\/v2\/types\/post"}],"author":[{"embeddable":true,"href":"https:\/\/www.biblia.work\/noticias\/wp-json\/wp\/v2\/users\/1"}],"replies":[{"embeddable":true,"href":"https:\/\/www.biblia.work\/noticias\/wp-json\/wp\/v2\/comments?post=9358"}],"version-history":[{"count":0,"href":"https:\/\/www.biblia.work\/noticias\/wp-json\/wp\/v2\/posts\/9358\/revisions"}],"wp:attachment":[{"href":"https:\/\/www.biblia.work\/noticias\/wp-json\/wp\/v2\/media?parent=9358"}],"wp:term":[{"taxonomy":"category","embeddable":true,"href":"https:\/\/www.biblia.work\/noticias\/wp-json\/wp\/v2\/categories?post=9358"},{"taxonomy":"post_tag","embeddable":true,"href":"https:\/\/www.biblia.work\/noticias\/wp-json\/wp\/v2\/tags?post=9358"}],"curies":[{"name":"wp","href":"https:\/\/api.w.org\/{rel}","templated":true}]}}